{"id":9789,"date":"2024-09-06T21:35:02","date_gmt":"2024-09-06T21:35:02","guid":{"rendered":""},"modified":"-0001-11-30T00:00:00","modified_gmt":"-0001-11-29T21:00:00","slug":"zulmet-dasidir-goturen-de-pesmandir-qoyan-da","status":"publish","type":"post","link":"https:\/\/nedir.az\/atalar-sozleri\/zulmet-dasidir-goturen-de-pesmandir-qoyan-da-atalar-sozunun-menasi-nedir","title":{"rendered":"Z\u00fclm\u0259t Da\u015f\u0131d\u0131r, G\u00f6t\u00fcr\u0259n d\u0259 Pe\u015fmand\u0131r, Qoyan da"},"content":{"rendered":"<p>&#8220;z\u00fclm\u0259t da\u015f\u0131d\u0131r, g\u00f6t\u00fcr\u0259n d\u0259 pe\u015fmand\u0131r, qoyan da&#8221; atalar s\u00f6z\u00fc, bir \u015feyin a\u011f\u0131r v\u0259 \u00e7\u0259tin oldu\u011funu, onu da\u015f\u0131yan\u0131n da, ondan imtina ed\u0259nl\u0259rin d\u0259 pe\u015fman olaca\u011f\u0131n\u0131 ifad\u0259 edir. Bu s\u00f6z, b\u0259z\u0259n insan\u0131n \u00e7\u0259tinlikl\u0259rd\u0259n qa\u00e7ma\u011f\u0131 v\u0259 ya onlarla m\u00fcbariz\u0259 aparma\u011f\u0131 se\u00e7m\u0259sinin n\u0259tic\u0259l\u0259rini vur\u011fulay\u0131r. H\u0259m \u00e7\u0259tinlikl\u0259ri q\u0259bul etm\u0259yin, h\u0259m d\u0259 onlardan qa\u00e7ma\u011f\u0131n \u00f6z\u00fcn\u0259 g\u00f6r\u0259 riskl\u0259ri oldu\u011funu bildirir. Bu atalar s\u00f6z\u00fc, insanlara \u00e7\u0259tinlikl\u0259r qar\u015f\u0131s\u0131nda daha d\u00fc\u015f\u00fcnc\u0259li v\u0259 m\u00fcdrik olma\u011f\u0131 t\u00f6vsiy\u0259 edir.<\/p>\n<p><b>Q\u0131sa M\u0259nas\u0131<\/b><br \/> Bu atalar s\u00f6z\u00fc, \u00e7\u0259tinlikl\u0259rin h\u0259m da\u015f\u0131yan\u0131, h\u0259m d\u0259 onlardan qa\u00e7anlar\u0131 pe\u015fman ed\u0259c\u0259yini bildirir.<\/p>\n","protected":false},"excerpt":{"rendered":"<p>&#8220;z\u00fclm\u0259t da\u015f\u0131d\u0131r, g\u00f6t\u00fcr\u0259n d\u0259 pe\u015fmand\u0131r, qoyan da&#8221; atalar s\u00f6z\u00fc, bir \u015feyin a\u011f\u0131r v\u0259 \u00e7\u0259tin oldu\u011funu, onu da\u015f\u0131yan\u0131n da, ondan imtina ed\u0259nl\u0259rin d\u0259 pe\u015fman olaca\u011f\u0131n\u0131 ifad\u0259 edir. Bu s\u00f6z, b\u0259z\u0259n insan\u0131n \u00e7\u0259tinlikl\u0259rd\u0259n qa\u00e7ma\u011f\u0131 v\u0259 ya onlarla m\u00fcbariz\u0259 aparma\u011f\u0131 se\u00e7m\u0259sinin n\u0259tic\u0259l\u0259rini vur\u011fulay\u0131r. H\u0259m \u00e7\u0259tinlikl\u0259ri q\u0259bul etm\u0259yin, h\u0259m d\u0259 onlardan qa\u00e7ma\u011f\u0131n \u00f6z\u00fcn\u0259 g\u00f6r\u0259 riskl\u0259ri oldu\u011funu bildirir. Bu atalar &#8230; <a title=\"Z\u00fclm\u0259t Da\u015f\u0131d\u0131r, G\u00f6t\u00fcr\u0259n d\u0259 Pe\u015fmand\u0131r, Qoyan da\" class=\"read-more\" href=\"https:\/\/nedir.az\/atalar-sozleri\/zulmet-dasidir-goturen-de-pesmandir-qoyan-da-atalar-sozunun-menasi-nedir\" aria-label=\"Read more about Z\u00fclm\u0259t Da\u015f\u0131d\u0131r, G\u00f6t\u00fcr\u0259n d\u0259 Pe\u015fmand\u0131r, Qoyan da\">Read more<\/a><\/p>\n","protected":false},"author":2,"featured_media":0,"comment_status":"open","ping_status":"open","sticky":false,"template":"","format":"standard","meta":{"footnotes":""},"categories":[1],"tags":[],"class_list":["post-9789","post","type-post","status-publish","format-standard","hentry","category-atalar-sozleri-atalar-sozu"],"aioseo_notices":[],"_links":{"self":[{"href":"https:\/\/nedir.az\/atalar-sozleri\/wp-json\/wp\/v2\/posts\/9789","targetHints":{"allow":["GET"]}}],"collection":[{"href":"https:\/\/nedir.az\/atalar-sozleri\/wp-json\/wp\/v2\/posts"}],"about":[{"href":"https:\/\/nedir.az\/atalar-sozleri\/wp-json\/wp\/v2\/types\/post"}],"author":[{"embeddable":true,"href":"https:\/\/nedir.az\/atalar-sozleri\/wp-json\/wp\/v2\/users\/2"}],"replies":[{"embeddable":true,"href":"https:\/\/nedir.az\/atalar-sozleri\/wp-json\/wp\/v2\/comments?post=9789"}],"version-history":[{"count":0,"href":"https:\/\/nedir.az\/atalar-sozleri\/wp-json\/wp\/v2\/posts\/9789\/revisions"}],"wp:attachment":[{"href":"https:\/\/nedir.az\/atalar-sozleri\/wp-json\/wp\/v2\/media?parent=9789"}],"wp:term":[{"taxonomy":"category","embeddable":true,"href":"https:\/\/nedir.az\/atalar-sozleri\/wp-json\/wp\/v2\/categories?post=9789"},{"taxonomy":"post_tag","embeddable":true,"href":"https:\/\/nedir.az\/atalar-sozleri\/wp-json\/wp\/v2\/tags?post=9789"}],"curies":[{"name":"wp","href":"https:\/\/api.w.org\/{rel}","templated":true}]}}