{"id":9788,"date":"2024-09-06T21:35:02","date_gmt":"2024-09-06T21:35:02","guid":{"rendered":""},"modified":"-0001-11-30T00:00:00","modified_gmt":"-0001-11-29T21:00:00","slug":"zulm-yerde-qalmaz","status":"publish","type":"post","link":"https:\/\/nedir.az\/atalar-sozleri\/zulm-yerde-qalmaz-atalar-sozunun-menasi-nedir","title":{"rendered":"Z\u00fclm Yerd\u0259 Qalmaz"},"content":{"rendered":"<p>&#8220;z\u00fclm yerd\u0259 qalmaz&#8221; atalar s\u00f6z\u00fcn\u00fcn m\u0259nas\u0131, \u0259dal\u0259tsizliyin v\u0259 z\u00fclm\u00fcn m\u00fctl\u0259q bir g\u00fcn c\u0259zaland\u0131r\u0131laca\u011f\u0131na, ya da onun t\u0259sirl\u0259rinin ortaya \u00e7\u0131xaca\u011f\u0131na i\u015far\u0259 edir. Bu s\u00f6z, insanlar\u0131n bir-birin\u0259 qar\u015f\u0131 \u0259dal\u0259tli olmalar\u0131n\u0131n vacibliyini vur\u011fulay\u0131r. Z\u00fclm ed\u0259nl\u0259rin, sonunda \u00f6z \u0259m\u0259ll\u0259rinin n\u0259tic\u0259l\u0259ri il\u0259 \u00fczl\u0259\u015f\u0259c\u0259kl\u0259ri mesaj\u0131n\u0131 da\u015f\u0131y\u0131r. Bu atalar s\u00f6z\u00fc, c\u0259miyy\u0259tin \u0259dal\u0259t anlay\u0131\u015f\u0131n\u0131 g\u00fccl\u0259ndirm\u0259k v\u0259 insanlar\u0131 \u0259dal\u0259tli davranma\u011fa t\u0259\u015fviq etm\u0259k m\u0259qs\u0259dini g\u00fcd\u00fcr.<\/p>\n<p><b>Q\u0131sa M\u0259nas\u0131<\/b><br \/> Z\u00fclm v\u0259 \u0259dal\u0259tsizlik m\u00fctl\u0259q c\u0259zaland\u0131r\u0131lacaq.<\/p>\n","protected":false},"excerpt":{"rendered":"<p>&#8220;z\u00fclm yerd\u0259 qalmaz&#8221; atalar s\u00f6z\u00fcn\u00fcn m\u0259nas\u0131, \u0259dal\u0259tsizliyin v\u0259 z\u00fclm\u00fcn m\u00fctl\u0259q bir g\u00fcn c\u0259zaland\u0131r\u0131laca\u011f\u0131na, ya da onun t\u0259sirl\u0259rinin ortaya \u00e7\u0131xaca\u011f\u0131na i\u015far\u0259 edir. Bu s\u00f6z, insanlar\u0131n bir-birin\u0259 qar\u015f\u0131 \u0259dal\u0259tli olmalar\u0131n\u0131n vacibliyini vur\u011fulay\u0131r. Z\u00fclm ed\u0259nl\u0259rin, sonunda \u00f6z \u0259m\u0259ll\u0259rinin n\u0259tic\u0259l\u0259ri il\u0259 \u00fczl\u0259\u015f\u0259c\u0259kl\u0259ri mesaj\u0131n\u0131 da\u015f\u0131y\u0131r. Bu atalar s\u00f6z\u00fc, c\u0259miyy\u0259tin \u0259dal\u0259t anlay\u0131\u015f\u0131n\u0131 g\u00fccl\u0259ndirm\u0259k v\u0259 insanlar\u0131 \u0259dal\u0259tli davranma\u011fa t\u0259\u015fviq etm\u0259k m\u0259qs\u0259dini g\u00fcd\u00fcr. &#8230; <a title=\"Z\u00fclm Yerd\u0259 Qalmaz\" class=\"read-more\" href=\"https:\/\/nedir.az\/atalar-sozleri\/zulm-yerde-qalmaz-atalar-sozunun-menasi-nedir\" aria-label=\"Read more about Z\u00fclm Yerd\u0259 Qalmaz\">Read more<\/a><\/p>\n","protected":false},"author":2,"featured_media":0,"comment_status":"open","ping_status":"open","sticky":false,"template":"","format":"standard","meta":{"footnotes":""},"categories":[1],"tags":[],"class_list":["post-9788","post","type-post","status-publish","format-standard","hentry","category-atalar-sozleri-atalar-sozu"],"aioseo_notices":[],"_links":{"self":[{"href":"https:\/\/nedir.az\/atalar-sozleri\/wp-json\/wp\/v2\/posts\/9788","targetHints":{"allow":["GET"]}}],"collection":[{"href":"https:\/\/nedir.az\/atalar-sozleri\/wp-json\/wp\/v2\/posts"}],"about":[{"href":"https:\/\/nedir.az\/atalar-sozleri\/wp-json\/wp\/v2\/types\/post"}],"author":[{"embeddable":true,"href":"https:\/\/nedir.az\/atalar-sozleri\/wp-json\/wp\/v2\/users\/2"}],"replies":[{"embeddable":true,"href":"https:\/\/nedir.az\/atalar-sozleri\/wp-json\/wp\/v2\/comments?post=9788"}],"version-history":[{"count":0,"href":"https:\/\/nedir.az\/atalar-sozleri\/wp-json\/wp\/v2\/posts\/9788\/revisions"}],"wp:attachment":[{"href":"https:\/\/nedir.az\/atalar-sozleri\/wp-json\/wp\/v2\/media?parent=9788"}],"wp:term":[{"taxonomy":"category","embeddable":true,"href":"https:\/\/nedir.az\/atalar-sozleri\/wp-json\/wp\/v2\/categories?post=9788"},{"taxonomy":"post_tag","embeddable":true,"href":"https:\/\/nedir.az\/atalar-sozleri\/wp-json\/wp\/v2\/tags?post=9788"}],"curies":[{"name":"wp","href":"https:\/\/api.w.org\/{rel}","templated":true}]}}