{"id":9780,"date":"2024-09-06T21:35:02","date_gmt":"2024-09-06T21:35:02","guid":{"rendered":""},"modified":"-0001-11-30T00:00:00","modified_gmt":"-0001-11-29T21:00:00","slug":"ziyarete-gelen-dusmenden-heyif-almazlar","status":"publish","type":"post","link":"https:\/\/nedir.az\/atalar-sozleri\/ziyarete-gelen-dusmenden-heyif-almazlar-atalar-sozunun-menasi-nedir","title":{"rendered":"Ziyar\u0259t\u0259 G\u0259l\u0259n D\u00fc\u015fm\u0259nd\u0259n Heyif Almazlar"},"content":{"rendered":"<p>&#8220;ziyar\u0259t\u0259 g\u0259l\u0259n d\u00fc\u015fm\u0259nd\u0259n heyif almazlar&#8221; atalar s\u00f6z\u00fc, insan\u0131n ba\u015f\u0131na g\u0259l\u0259n \u00e7\u0259tinlikl\u0259rin v\u0259 ya z\u0259r\u0259rin, g\u00f6zl\u0259nilm\u0259z bir v\u0259ziyy\u0259td\u0259n qaynaqland\u0131\u011f\u0131n\u0131 ifad\u0259 edir. Bu s\u00f6z, b\u0259z\u0259n dost kimi g\u00f6r\u00fcn\u0259n, amma \u0259slind\u0259 d\u00fc\u015fm\u0259n olan insanlar\u0131n z\u0259r\u0259r ver\u0259 bil\u0259c\u0259yini vur\u011fulay\u0131r. H\u0259m\u00e7inin, bu atalar s\u00f6z\u00fc, insan\u0131n \u00f6z\u00fcn\u00fc qorumaq v\u0259 ehtiyatl\u0131 olmaq laz\u0131m oldu\u011funu da xat\u0131rlad\u0131r. Y\u0259ni, ziyar\u0259t\u0259 g\u0259l\u0259n d\u00fc\u015fm\u0259n, g\u00f6zl\u0259nilm\u0259z bir t\u0259hl\u00fck\u0259 yarada bil\u0259r.<\/p>\n<p><b>Q\u0131sa M\u0259nas\u0131<\/b><br \/>Bu atalar s\u00f6z\u00fc, dost g\u00f6r\u00fcn\u0259n d\u00fc\u015fm\u0259nl\u0259rin z\u0259r\u0259r ver\u0259 bil\u0259c\u0259yini v\u0259 ehtiyatl\u0131 olma\u011f\u0131n vacibliyini vur\u011fulay\u0131r.<\/p>\n","protected":false},"excerpt":{"rendered":"<p>&#8220;ziyar\u0259t\u0259 g\u0259l\u0259n d\u00fc\u015fm\u0259nd\u0259n heyif almazlar&#8221; atalar s\u00f6z\u00fc, insan\u0131n ba\u015f\u0131na g\u0259l\u0259n \u00e7\u0259tinlikl\u0259rin v\u0259 ya z\u0259r\u0259rin, g\u00f6zl\u0259nilm\u0259z bir v\u0259ziyy\u0259td\u0259n qaynaqland\u0131\u011f\u0131n\u0131 ifad\u0259 edir. Bu s\u00f6z, b\u0259z\u0259n dost kimi g\u00f6r\u00fcn\u0259n, amma \u0259slind\u0259 d\u00fc\u015fm\u0259n olan insanlar\u0131n z\u0259r\u0259r ver\u0259 bil\u0259c\u0259yini vur\u011fulay\u0131r. H\u0259m\u00e7inin, bu atalar s\u00f6z\u00fc, insan\u0131n \u00f6z\u00fcn\u00fc qorumaq v\u0259 ehtiyatl\u0131 olmaq laz\u0131m oldu\u011funu da xat\u0131rlad\u0131r. Y\u0259ni, ziyar\u0259t\u0259 g\u0259l\u0259n d\u00fc\u015fm\u0259n, g\u00f6zl\u0259nilm\u0259z bir &#8230; <a title=\"Ziyar\u0259t\u0259 G\u0259l\u0259n D\u00fc\u015fm\u0259nd\u0259n Heyif Almazlar\" class=\"read-more\" href=\"https:\/\/nedir.az\/atalar-sozleri\/ziyarete-gelen-dusmenden-heyif-almazlar-atalar-sozunun-menasi-nedir\" aria-label=\"Read more about Ziyar\u0259t\u0259 G\u0259l\u0259n D\u00fc\u015fm\u0259nd\u0259n Heyif Almazlar\">Read more<\/a><\/p>\n","protected":false},"author":2,"featured_media":0,"comment_status":"open","ping_status":"open","sticky":false,"template":"","format":"standard","meta":{"footnotes":""},"categories":[1],"tags":[],"class_list":["post-9780","post","type-post","status-publish","format-standard","hentry","category-atalar-sozleri-atalar-sozu"],"aioseo_notices":[],"_links":{"self":[{"href":"https:\/\/nedir.az\/atalar-sozleri\/wp-json\/wp\/v2\/posts\/9780","targetHints":{"allow":["GET"]}}],"collection":[{"href":"https:\/\/nedir.az\/atalar-sozleri\/wp-json\/wp\/v2\/posts"}],"about":[{"href":"https:\/\/nedir.az\/atalar-sozleri\/wp-json\/wp\/v2\/types\/post"}],"author":[{"embeddable":true,"href":"https:\/\/nedir.az\/atalar-sozleri\/wp-json\/wp\/v2\/users\/2"}],"replies":[{"embeddable":true,"href":"https:\/\/nedir.az\/atalar-sozleri\/wp-json\/wp\/v2\/comments?post=9780"}],"version-history":[{"count":0,"href":"https:\/\/nedir.az\/atalar-sozleri\/wp-json\/wp\/v2\/posts\/9780\/revisions"}],"wp:attachment":[{"href":"https:\/\/nedir.az\/atalar-sozleri\/wp-json\/wp\/v2\/media?parent=9780"}],"wp:term":[{"taxonomy":"category","embeddable":true,"href":"https:\/\/nedir.az\/atalar-sozleri\/wp-json\/wp\/v2\/categories?post=9780"},{"taxonomy":"post_tag","embeddable":true,"href":"https:\/\/nedir.az\/atalar-sozleri\/wp-json\/wp\/v2\/tags?post=9780"}],"curies":[{"name":"wp","href":"https:\/\/api.w.org\/{rel}","templated":true}]}}