{"id":9778,"date":"2024-09-06T21:35:02","date_gmt":"2024-09-06T21:35:02","guid":{"rendered":""},"modified":"-0001-11-30T00:00:00","modified_gmt":"-0001-11-29T21:00:00","slug":"ziyanin-yarisindan-qayitmaq-da-qazancdir","status":"publish","type":"post","link":"https:\/\/nedir.az\/atalar-sozleri\/ziyanin-yarisindan-qayitmaq-da-qazancdir-atalar-sozunun-menasi-nedir","title":{"rendered":"Ziyan\u0131n Yar\u0131s\u0131ndan Qay\u0131tmaq da Qazancd\u0131r"},"content":{"rendered":"<p>&#8220;ziyan\u0131n yar\u0131s\u0131ndan qay\u0131tmaq da qazancd\u0131r&#8221; atalar s\u00f6z\u00fcn\u00fcn m\u0259nas\u0131, bir i\u015fd\u0259, layih\u0259d\u0259 v\u0259 ya v\u0259ziyy\u0259td\u0259 ba\u015f ver\u0259n ziyan\u0131, itkiyi azaltmaq v\u0259 ya geri qaytarmaq m\u00fcmk\u00fcn olduqda, bu v\u0259ziyy\u0259tin m\u00fcsb\u0259t bir n\u0259tic\u0259 oldu\u011funu ifad\u0259 edir. Y\u0259ni, \u0259g\u0259r bir insan bir i\u015fd\u0259 ziyan g\u00f6r\u00fcrs\u0259, bu ziyan\u0131 minimuma endirm\u0259k v\u0259 ya itkil\u0259ri azaltmaq, onun \u00fc\u00e7\u00fcn bir qazanc say\u0131l\u0131r. Bu atalar s\u00f6z\u00fc, insanlara \u00e7\u0259tinlikl\u0259r qar\u015f\u0131s\u0131nda m\u00fcsb\u0259t yana\u015fma\u011f\u0131, itkil\u0259ri azaltma\u011f\u0131 v\u0259 v\u0259ziyy\u0259ti daha yax\u015f\u0131 hala g\u0259tirm\u0259yi t\u00f6vsiy\u0259 edir.<\/p>\n<p><b>Q\u0131sa M\u0259nas\u0131<\/b><br \/> Ziyan\u0131 azaltmaq, itkil\u0259ri minimuma endirm\u0259k m\u00fcsb\u0259t bir n\u0259tic\u0259dir.<\/p>\n","protected":false},"excerpt":{"rendered":"<p>&#8220;ziyan\u0131n yar\u0131s\u0131ndan qay\u0131tmaq da qazancd\u0131r&#8221; atalar s\u00f6z\u00fcn\u00fcn m\u0259nas\u0131, bir i\u015fd\u0259, layih\u0259d\u0259 v\u0259 ya v\u0259ziyy\u0259td\u0259 ba\u015f ver\u0259n ziyan\u0131, itkiyi azaltmaq v\u0259 ya geri qaytarmaq m\u00fcmk\u00fcn olduqda, bu v\u0259ziyy\u0259tin m\u00fcsb\u0259t bir n\u0259tic\u0259 oldu\u011funu ifad\u0259 edir. Y\u0259ni, \u0259g\u0259r bir insan bir i\u015fd\u0259 ziyan g\u00f6r\u00fcrs\u0259, bu ziyan\u0131 minimuma endirm\u0259k v\u0259 ya itkil\u0259ri azaltmaq, onun \u00fc\u00e7\u00fcn bir qazanc say\u0131l\u0131r. Bu &#8230; <a title=\"Ziyan\u0131n Yar\u0131s\u0131ndan Qay\u0131tmaq da Qazancd\u0131r\" class=\"read-more\" href=\"https:\/\/nedir.az\/atalar-sozleri\/ziyanin-yarisindan-qayitmaq-da-qazancdir-atalar-sozunun-menasi-nedir\" aria-label=\"Read more about Ziyan\u0131n Yar\u0131s\u0131ndan Qay\u0131tmaq da Qazancd\u0131r\">Read more<\/a><\/p>\n","protected":false},"author":2,"featured_media":0,"comment_status":"open","ping_status":"open","sticky":false,"template":"","format":"standard","meta":{"footnotes":""},"categories":[1],"tags":[],"class_list":["post-9778","post","type-post","status-publish","format-standard","hentry","category-atalar-sozleri-atalar-sozu"],"aioseo_notices":[],"_links":{"self":[{"href":"https:\/\/nedir.az\/atalar-sozleri\/wp-json\/wp\/v2\/posts\/9778","targetHints":{"allow":["GET"]}}],"collection":[{"href":"https:\/\/nedir.az\/atalar-sozleri\/wp-json\/wp\/v2\/posts"}],"about":[{"href":"https:\/\/nedir.az\/atalar-sozleri\/wp-json\/wp\/v2\/types\/post"}],"author":[{"embeddable":true,"href":"https:\/\/nedir.az\/atalar-sozleri\/wp-json\/wp\/v2\/users\/2"}],"replies":[{"embeddable":true,"href":"https:\/\/nedir.az\/atalar-sozleri\/wp-json\/wp\/v2\/comments?post=9778"}],"version-history":[{"count":0,"href":"https:\/\/nedir.az\/atalar-sozleri\/wp-json\/wp\/v2\/posts\/9778\/revisions"}],"wp:attachment":[{"href":"https:\/\/nedir.az\/atalar-sozleri\/wp-json\/wp\/v2\/media?parent=9778"}],"wp:term":[{"taxonomy":"category","embeddable":true,"href":"https:\/\/nedir.az\/atalar-sozleri\/wp-json\/wp\/v2\/categories?post=9778"},{"taxonomy":"post_tag","embeddable":true,"href":"https:\/\/nedir.az\/atalar-sozleri\/wp-json\/wp\/v2\/tags?post=9778"}],"curies":[{"name":"wp","href":"https:\/\/api.w.org\/{rel}","templated":true}]}}