{"id":9771,"date":"2024-09-06T21:35:02","date_gmt":"2024-09-06T21:35:02","guid":{"rendered":""},"modified":"-0001-11-30T00:00:00","modified_gmt":"-0001-11-29T21:00:00","slug":"zimistan-cekmeyen-bulbul-baharin-qedrini-bilmez","status":"publish","type":"post","link":"https:\/\/nedir.az\/atalar-sozleri\/zimistan-cekmeyen-bulbul-baharin-qedrini-bilmez-atalar-sozunun-menasi-nedir","title":{"rendered":"Zimistan \u00c7\u0259km\u0259y\u0259n B\u00fclb\u00fcl Bahar\u0131n Q\u0259drini Bilm\u0259z"},"content":{"rendered":"<p>&#8220;Zimistan \u00e7\u0259km\u0259y\u0259n b\u00fclb\u00fcl bahar\u0131n q\u0259drini bilm\u0259z&#8221; atalar s\u00f6z\u00fc, insan\u0131n \u00e7\u0259tinlikl\u0259rd\u0259n ke\u00e7m\u0259d\u0259n, g\u00f6z\u0259l g\u00fcnl\u0259rin d\u0259y\u0259rini anlamayaca\u011f\u0131n\u0131 ifad\u0259 edir. Bu s\u00f6z, h\u0259yat\u0131n \u00e7\u0259tin anlar\u0131n\u0131n, insan\u0131n inki\u015faf\u0131 v\u0259 d\u0259y\u0259rli anlar\u0131n qiym\u0259tl\u0259ndirilm\u0259si \u00fc\u00e7\u00fcn vacib oldu\u011funu vur\u011fulay\u0131r. Yaln\u0131z \u00e7\u0259tinlikl\u0259rd\u0259n ke\u00e7\u0259n insanlar, sonradan \u0259ld\u0259 etdikl\u0259ri g\u00f6z\u0259llikl\u0259rin v\u0259 rahatl\u0131\u011f\u0131n d\u0259y\u0259rini bilirl\u0259r. Bu atalar s\u00f6z\u00fc, insanlara \u00e7\u0259tinlikl\u0259r\u0259 d\u00f6zm\u0259yi v\u0259 onlardan d\u0259rs \u00e7\u0131xarma\u011f\u0131 t\u00f6vsiy\u0259 edir.<\/p>\n<p><b>Q\u0131sa M\u0259nas\u0131<\/b><br \/> \u00c7\u0259tinlikl\u0259rd\u0259n ke\u00e7m\u0259d\u0259n g\u00f6z\u0259l g\u00fcnl\u0259rin d\u0259y\u0259rini bilm\u0259k m\u00fcmk\u00fcn deyil.<\/p>\n","protected":false},"excerpt":{"rendered":"<p>&#8220;Zimistan \u00e7\u0259km\u0259y\u0259n b\u00fclb\u00fcl bahar\u0131n q\u0259drini bilm\u0259z&#8221; atalar s\u00f6z\u00fc, insan\u0131n \u00e7\u0259tinlikl\u0259rd\u0259n ke\u00e7m\u0259d\u0259n, g\u00f6z\u0259l g\u00fcnl\u0259rin d\u0259y\u0259rini anlamayaca\u011f\u0131n\u0131 ifad\u0259 edir. Bu s\u00f6z, h\u0259yat\u0131n \u00e7\u0259tin anlar\u0131n\u0131n, insan\u0131n inki\u015faf\u0131 v\u0259 d\u0259y\u0259rli anlar\u0131n qiym\u0259tl\u0259ndirilm\u0259si \u00fc\u00e7\u00fcn vacib oldu\u011funu vur\u011fulay\u0131r. Yaln\u0131z \u00e7\u0259tinlikl\u0259rd\u0259n ke\u00e7\u0259n insanlar, sonradan \u0259ld\u0259 etdikl\u0259ri g\u00f6z\u0259llikl\u0259rin v\u0259 rahatl\u0131\u011f\u0131n d\u0259y\u0259rini bilirl\u0259r. Bu atalar s\u00f6z\u00fc, insanlara \u00e7\u0259tinlikl\u0259r\u0259 d\u00f6zm\u0259yi v\u0259 onlardan d\u0259rs \u00e7\u0131xarma\u011f\u0131 t\u00f6vsiy\u0259 &#8230; <a title=\"Zimistan \u00c7\u0259km\u0259y\u0259n B\u00fclb\u00fcl Bahar\u0131n Q\u0259drini Bilm\u0259z\" class=\"read-more\" href=\"https:\/\/nedir.az\/atalar-sozleri\/zimistan-cekmeyen-bulbul-baharin-qedrini-bilmez-atalar-sozunun-menasi-nedir\" aria-label=\"Read more about Zimistan \u00c7\u0259km\u0259y\u0259n B\u00fclb\u00fcl Bahar\u0131n Q\u0259drini Bilm\u0259z\">Read more<\/a><\/p>\n","protected":false},"author":2,"featured_media":0,"comment_status":"open","ping_status":"open","sticky":false,"template":"","format":"standard","meta":{"footnotes":""},"categories":[1],"tags":[],"class_list":["post-9771","post","type-post","status-publish","format-standard","hentry","category-atalar-sozleri-atalar-sozu"],"aioseo_notices":[],"_links":{"self":[{"href":"https:\/\/nedir.az\/atalar-sozleri\/wp-json\/wp\/v2\/posts\/9771","targetHints":{"allow":["GET"]}}],"collection":[{"href":"https:\/\/nedir.az\/atalar-sozleri\/wp-json\/wp\/v2\/posts"}],"about":[{"href":"https:\/\/nedir.az\/atalar-sozleri\/wp-json\/wp\/v2\/types\/post"}],"author":[{"embeddable":true,"href":"https:\/\/nedir.az\/atalar-sozleri\/wp-json\/wp\/v2\/users\/2"}],"replies":[{"embeddable":true,"href":"https:\/\/nedir.az\/atalar-sozleri\/wp-json\/wp\/v2\/comments?post=9771"}],"version-history":[{"count":0,"href":"https:\/\/nedir.az\/atalar-sozleri\/wp-json\/wp\/v2\/posts\/9771\/revisions"}],"wp:attachment":[{"href":"https:\/\/nedir.az\/atalar-sozleri\/wp-json\/wp\/v2\/media?parent=9771"}],"wp:term":[{"taxonomy":"category","embeddable":true,"href":"https:\/\/nedir.az\/atalar-sozleri\/wp-json\/wp\/v2\/categories?post=9771"},{"taxonomy":"post_tag","embeddable":true,"href":"https:\/\/nedir.az\/atalar-sozleri\/wp-json\/wp\/v2\/tags?post=9771"}],"curies":[{"name":"wp","href":"https:\/\/api.w.org\/{rel}","templated":true}]}}