{"id":9768,"date":"2024-09-06T21:35:02","date_gmt":"2024-09-06T21:35:02","guid":{"rendered":""},"modified":"-0001-11-30T00:00:00","modified_gmt":"-0001-11-29T21:00:00","slug":"zerre-qeder-iman-dunya-qeder-gunah","status":"publish","type":"post","link":"https:\/\/nedir.az\/atalar-sozleri\/zerre-qeder-iman-dunya-qeder-gunah-atalar-sozunun-menasi-nedir","title":{"rendered":"Z\u0259rr\u0259 Q\u0259d\u0259r Iman, D\u00fcnya Q\u0259d\u0259r G\u00fcnah"},"content":{"rendered":"<p>&#8220;z\u0259rr\u0259 q\u0259d\u0259r iman, d\u00fcnya q\u0259d\u0259r g\u00fcnah&#8221; atalar s\u00f6z\u00fcn\u00fcn m\u0259nas\u0131, insan\u0131n h\u0259yat\u0131nda iman v\u0259 g\u00fcnah\u0131n nisb\u0259tini vur\u011fulayan bir ifad\u0259dir. Bu atalar s\u00f6z\u00fc, insan\u0131n iman\u0131n\u0131n az, amma g\u00fcnahlar\u0131n\u0131n \u00e7ox olmas\u0131n\u0131n m\u0259nfi t\u0259sirl\u0259rini g\u00f6st\u0259rir. \u0130man, insan\u0131n ruhunu qald\u0131ran, ona istiqam\u0259t ver\u0259n bir amildir, lakin g\u00fcnahlar insan\u0131 a\u015fa\u011f\u0131 sal\u0131r, onun ruhunu z\u0259d\u0259l\u0259yir. Bu ifad\u0259, insanlar\u0131n imanlar\u0131n\u0131 g\u00fccl\u0259ndirm\u0259l\u0259ri v\u0259 g\u00fcnahlardan \u00e7\u0259kinm\u0259l\u0259ri laz\u0131m oldu\u011funu xat\u0131rlad\u0131r.<\/p>\n<p><b>Q\u0131sa M\u0259nas\u0131<\/b><br \/> \u0130man az, g\u00fcnah \u00e7ox olduqda insan\u0131n ruhu z\u0259d\u0259l\u0259nir.<\/p>\n","protected":false},"excerpt":{"rendered":"<p>&#8220;z\u0259rr\u0259 q\u0259d\u0259r iman, d\u00fcnya q\u0259d\u0259r g\u00fcnah&#8221; atalar s\u00f6z\u00fcn\u00fcn m\u0259nas\u0131, insan\u0131n h\u0259yat\u0131nda iman v\u0259 g\u00fcnah\u0131n nisb\u0259tini vur\u011fulayan bir ifad\u0259dir. Bu atalar s\u00f6z\u00fc, insan\u0131n iman\u0131n\u0131n az, amma g\u00fcnahlar\u0131n\u0131n \u00e7ox olmas\u0131n\u0131n m\u0259nfi t\u0259sirl\u0259rini g\u00f6st\u0259rir. \u0130man, insan\u0131n ruhunu qald\u0131ran, ona istiqam\u0259t ver\u0259n bir amildir, lakin g\u00fcnahlar insan\u0131 a\u015fa\u011f\u0131 sal\u0131r, onun ruhunu z\u0259d\u0259l\u0259yir. Bu ifad\u0259, insanlar\u0131n imanlar\u0131n\u0131 g\u00fccl\u0259ndirm\u0259l\u0259ri v\u0259 g\u00fcnahlardan &#8230; <a title=\"Z\u0259rr\u0259 Q\u0259d\u0259r Iman, D\u00fcnya Q\u0259d\u0259r G\u00fcnah\" class=\"read-more\" href=\"https:\/\/nedir.az\/atalar-sozleri\/zerre-qeder-iman-dunya-qeder-gunah-atalar-sozunun-menasi-nedir\" aria-label=\"Read more about Z\u0259rr\u0259 Q\u0259d\u0259r Iman, D\u00fcnya Q\u0259d\u0259r G\u00fcnah\">Read more<\/a><\/p>\n","protected":false},"author":2,"featured_media":0,"comment_status":"open","ping_status":"open","sticky":false,"template":"","format":"standard","meta":{"footnotes":""},"categories":[1],"tags":[],"class_list":["post-9768","post","type-post","status-publish","format-standard","hentry","category-atalar-sozleri-atalar-sozu"],"aioseo_notices":[],"_links":{"self":[{"href":"https:\/\/nedir.az\/atalar-sozleri\/wp-json\/wp\/v2\/posts\/9768","targetHints":{"allow":["GET"]}}],"collection":[{"href":"https:\/\/nedir.az\/atalar-sozleri\/wp-json\/wp\/v2\/posts"}],"about":[{"href":"https:\/\/nedir.az\/atalar-sozleri\/wp-json\/wp\/v2\/types\/post"}],"author":[{"embeddable":true,"href":"https:\/\/nedir.az\/atalar-sozleri\/wp-json\/wp\/v2\/users\/2"}],"replies":[{"embeddable":true,"href":"https:\/\/nedir.az\/atalar-sozleri\/wp-json\/wp\/v2\/comments?post=9768"}],"version-history":[{"count":0,"href":"https:\/\/nedir.az\/atalar-sozleri\/wp-json\/wp\/v2\/posts\/9768\/revisions"}],"wp:attachment":[{"href":"https:\/\/nedir.az\/atalar-sozleri\/wp-json\/wp\/v2\/media?parent=9768"}],"wp:term":[{"taxonomy":"category","embeddable":true,"href":"https:\/\/nedir.az\/atalar-sozleri\/wp-json\/wp\/v2\/categories?post=9768"},{"taxonomy":"post_tag","embeddable":true,"href":"https:\/\/nedir.az\/atalar-sozleri\/wp-json\/wp\/v2\/tags?post=9768"}],"curies":[{"name":"wp","href":"https:\/\/api.w.org\/{rel}","templated":true}]}}