{"id":9766,"date":"2024-09-06T21:35:02","date_gmt":"2024-09-06T21:35:02","guid":{"rendered":""},"modified":"-0001-11-30T00:00:00","modified_gmt":"-0001-11-29T21:00:00","slug":"zeri-de-var-zoru-da","status":"publish","type":"post","link":"https:\/\/nedir.az\/atalar-sozleri\/zeri-de-var-zoru-da-atalar-sozunun-menasi-nedir","title":{"rendered":"Z\u0259ri d\u0259 Var, Zoru da"},"content":{"rendered":"<p>&#8220;z\u0259ri d\u0259 var, zoru da&#8221; atalar s\u00f6z\u00fc, h\u0259yat\u0131n m\u00fcxt\u0259lif \u00e7\u0259tinlikl\u0259ri v\u0259 g\u00f6z\u0259llikl\u0259ri oldu\u011funu vur\u011fulay\u0131r. Bu s\u00f6z, insanlar\u0131n h\u0259yat\u0131nda h\u0259m asan, h\u0259m d\u0259 \u00e7\u0259tin anlar\u0131n oldu\u011funu, h\u0259r birinin \u00f6z\u00fcn\u0259m\u0259xsus d\u0259y\u0259ri oldu\u011funu ifad\u0259 edir. H\u0259yat\u0131n z\u0259rif v\u0259 g\u00f6z\u0259l t\u0259r\u0259fl\u0259ri oldu\u011fu kimi, eyni zamanda \u00e7\u0259tinlikl\u0259rin d\u0259 m\u00f6vcud oldu\u011funu q\u0259bul etm\u0259k vacibdir. Bu atalar s\u00f6z\u00fc, insanlara m\u00fcbariz\u0259 aparma\u011f\u0131, \u00e7\u0259tinlikl\u0259r\u0259 d\u00f6zm\u0259yi v\u0259 eyni zamanda g\u00f6z\u0259llikl\u0259ri qiym\u0259tl\u0259ndirm\u0259yi \u00f6yr\u0259dir.<\/p>\n<p><b>Q\u0131sa M\u0259nas\u0131<\/b><br \/> H\u0259yat\u0131n h\u0259m g\u00f6z\u0259l, h\u0259m d\u0259 \u00e7\u0259tin t\u0259r\u0259fl\u0259ri oldu\u011funu vur\u011fulayan bir ifad\u0259dir.<\/p>\n","protected":false},"excerpt":{"rendered":"<p>&#8220;z\u0259ri d\u0259 var, zoru da&#8221; atalar s\u00f6z\u00fc, h\u0259yat\u0131n m\u00fcxt\u0259lif \u00e7\u0259tinlikl\u0259ri v\u0259 g\u00f6z\u0259llikl\u0259ri oldu\u011funu vur\u011fulay\u0131r. Bu s\u00f6z, insanlar\u0131n h\u0259yat\u0131nda h\u0259m asan, h\u0259m d\u0259 \u00e7\u0259tin anlar\u0131n oldu\u011funu, h\u0259r birinin \u00f6z\u00fcn\u0259m\u0259xsus d\u0259y\u0259ri oldu\u011funu ifad\u0259 edir. H\u0259yat\u0131n z\u0259rif v\u0259 g\u00f6z\u0259l t\u0259r\u0259fl\u0259ri oldu\u011fu kimi, eyni zamanda \u00e7\u0259tinlikl\u0259rin d\u0259 m\u00f6vcud oldu\u011funu q\u0259bul etm\u0259k vacibdir. Bu atalar s\u00f6z\u00fc, insanlara m\u00fcbariz\u0259 aparma\u011f\u0131, \u00e7\u0259tinlikl\u0259r\u0259 &#8230; <a title=\"Z\u0259ri d\u0259 Var, Zoru da\" class=\"read-more\" href=\"https:\/\/nedir.az\/atalar-sozleri\/zeri-de-var-zoru-da-atalar-sozunun-menasi-nedir\" aria-label=\"Read more about Z\u0259ri d\u0259 Var, Zoru da\">Read more<\/a><\/p>\n","protected":false},"author":2,"featured_media":0,"comment_status":"open","ping_status":"open","sticky":false,"template":"","format":"standard","meta":{"footnotes":""},"categories":[1],"tags":[],"class_list":["post-9766","post","type-post","status-publish","format-standard","hentry","category-atalar-sozleri-atalar-sozu"],"aioseo_notices":[],"_links":{"self":[{"href":"https:\/\/nedir.az\/atalar-sozleri\/wp-json\/wp\/v2\/posts\/9766","targetHints":{"allow":["GET"]}}],"collection":[{"href":"https:\/\/nedir.az\/atalar-sozleri\/wp-json\/wp\/v2\/posts"}],"about":[{"href":"https:\/\/nedir.az\/atalar-sozleri\/wp-json\/wp\/v2\/types\/post"}],"author":[{"embeddable":true,"href":"https:\/\/nedir.az\/atalar-sozleri\/wp-json\/wp\/v2\/users\/2"}],"replies":[{"embeddable":true,"href":"https:\/\/nedir.az\/atalar-sozleri\/wp-json\/wp\/v2\/comments?post=9766"}],"version-history":[{"count":0,"href":"https:\/\/nedir.az\/atalar-sozleri\/wp-json\/wp\/v2\/posts\/9766\/revisions"}],"wp:attachment":[{"href":"https:\/\/nedir.az\/atalar-sozleri\/wp-json\/wp\/v2\/media?parent=9766"}],"wp:term":[{"taxonomy":"category","embeddable":true,"href":"https:\/\/nedir.az\/atalar-sozleri\/wp-json\/wp\/v2\/categories?post=9766"},{"taxonomy":"post_tag","embeddable":true,"href":"https:\/\/nedir.az\/atalar-sozleri\/wp-json\/wp\/v2\/tags?post=9766"}],"curies":[{"name":"wp","href":"https:\/\/api.w.org\/{rel}","templated":true}]}}