{"id":9765,"date":"2024-09-06T21:35:02","date_gmt":"2024-09-06T21:35:02","guid":{"rendered":""},"modified":"-0001-11-30T00:00:00","modified_gmt":"-0001-11-29T21:00:00","slug":"zerger-dukaninin-tozu-da-qizil-olar","status":"publish","type":"post","link":"https:\/\/nedir.az\/atalar-sozleri\/zerger-dukaninin-tozu-da-qizil-olar-atalar-sozunun-menasi-nedir","title":{"rendered":"Z\u0259rg\u0259r D\u00fckan\u0131n\u0131n Tozu da Q\u0131z\u0131l Olar"},"content":{"rendered":"<p>&#8220;z\u0259rg\u0259r d\u00fckan\u0131n\u0131n tozu da q\u0131z\u0131l olar&#8221; atalar s\u00f6z\u00fcn\u00fcn m\u0259nas\u0131, bir \u015feyin g\u00f6r\u00fcn\u00fc\u015f\u00fc v\u0259 ya v\u0259ziyy\u0259ti n\u0259 olursa olsun, onun d\u0259y\u0259rinin v\u0259 ya qiym\u0259tinin y\u00fcks\u0259k oldu\u011funu ifad\u0259 edir. Bu atalar s\u00f6z\u00fc, b\u0259z\u0259n ki\u00e7ik v\u0259 ya \u0259h\u0259miyy\u0259tsiz g\u00f6r\u00fcn\u0259n \u015feyl\u0259rin bel\u0259, \u0259slind\u0259 d\u0259y\u0259rli ola bil\u0259c\u0259yini vur\u011fulay\u0131r. M\u0259s\u0259l\u0259n, bir insan\u0131n xarici g\u00f6r\u00fcn\u00fc\u015f\u00fc v\u0259 ya sad\u0259 bir \u0259\u015fya, onun i\u00e7ind\u0259ki d\u0259y\u0259ri gizl\u0259d\u0259 bil\u0259r. Bu, insanlara daha d\u0259rind\u0259n d\u00fc\u015f\u00fcnm\u0259yi v\u0259 s\u0259thd\u0259ki g\u00f6r\u00fcn\u00fc\u015f\u0259 aldanmama\u011f\u0131 t\u00f6vsiy\u0259 edir.<\/p>\n<p><b>Q\u0131sa M\u0259nas\u0131<\/b><br \/> B\u0259z\u0259n ki\u00e7ik g\u00f6r\u00fcn\u0259n \u015feyl\u0259rin d\u0259 d\u0259y\u0259ri ola bil\u0259r.<\/p>\n","protected":false},"excerpt":{"rendered":"<p>&#8220;z\u0259rg\u0259r d\u00fckan\u0131n\u0131n tozu da q\u0131z\u0131l olar&#8221; atalar s\u00f6z\u00fcn\u00fcn m\u0259nas\u0131, bir \u015feyin g\u00f6r\u00fcn\u00fc\u015f\u00fc v\u0259 ya v\u0259ziyy\u0259ti n\u0259 olursa olsun, onun d\u0259y\u0259rinin v\u0259 ya qiym\u0259tinin y\u00fcks\u0259k oldu\u011funu ifad\u0259 edir. Bu atalar s\u00f6z\u00fc, b\u0259z\u0259n ki\u00e7ik v\u0259 ya \u0259h\u0259miyy\u0259tsiz g\u00f6r\u00fcn\u0259n \u015feyl\u0259rin bel\u0259, \u0259slind\u0259 d\u0259y\u0259rli ola bil\u0259c\u0259yini vur\u011fulay\u0131r. M\u0259s\u0259l\u0259n, bir insan\u0131n xarici g\u00f6r\u00fcn\u00fc\u015f\u00fc v\u0259 ya sad\u0259 bir \u0259\u015fya, onun i\u00e7ind\u0259ki &#8230; <a title=\"Z\u0259rg\u0259r D\u00fckan\u0131n\u0131n Tozu da Q\u0131z\u0131l Olar\" class=\"read-more\" href=\"https:\/\/nedir.az\/atalar-sozleri\/zerger-dukaninin-tozu-da-qizil-olar-atalar-sozunun-menasi-nedir\" aria-label=\"Read more about Z\u0259rg\u0259r D\u00fckan\u0131n\u0131n Tozu da Q\u0131z\u0131l Olar\">Read more<\/a><\/p>\n","protected":false},"author":2,"featured_media":0,"comment_status":"open","ping_status":"open","sticky":false,"template":"","format":"standard","meta":{"footnotes":""},"categories":[1],"tags":[],"class_list":["post-9765","post","type-post","status-publish","format-standard","hentry","category-atalar-sozleri-atalar-sozu"],"aioseo_notices":[],"_links":{"self":[{"href":"https:\/\/nedir.az\/atalar-sozleri\/wp-json\/wp\/v2\/posts\/9765","targetHints":{"allow":["GET"]}}],"collection":[{"href":"https:\/\/nedir.az\/atalar-sozleri\/wp-json\/wp\/v2\/posts"}],"about":[{"href":"https:\/\/nedir.az\/atalar-sozleri\/wp-json\/wp\/v2\/types\/post"}],"author":[{"embeddable":true,"href":"https:\/\/nedir.az\/atalar-sozleri\/wp-json\/wp\/v2\/users\/2"}],"replies":[{"embeddable":true,"href":"https:\/\/nedir.az\/atalar-sozleri\/wp-json\/wp\/v2\/comments?post=9765"}],"version-history":[{"count":0,"href":"https:\/\/nedir.az\/atalar-sozleri\/wp-json\/wp\/v2\/posts\/9765\/revisions"}],"wp:attachment":[{"href":"https:\/\/nedir.az\/atalar-sozleri\/wp-json\/wp\/v2\/media?parent=9765"}],"wp:term":[{"taxonomy":"category","embeddable":true,"href":"https:\/\/nedir.az\/atalar-sozleri\/wp-json\/wp\/v2\/categories?post=9765"},{"taxonomy":"post_tag","embeddable":true,"href":"https:\/\/nedir.az\/atalar-sozleri\/wp-json\/wp\/v2\/tags?post=9765"}],"curies":[{"name":"wp","href":"https:\/\/api.w.org\/{rel}","templated":true}]}}