{"id":9764,"date":"2024-09-06T21:35:02","date_gmt":"2024-09-06T21:35:02","guid":{"rendered":""},"modified":"-0001-11-30T00:00:00","modified_gmt":"-0001-11-29T21:00:00","slug":"zererin-yarisindan-qayitmaq-ozu-de-menfeetdir","status":"publish","type":"post","link":"https:\/\/nedir.az\/atalar-sozleri\/zererin-yarisindan-qayitmaq-ozu-de-menfeetdir-atalar-sozunun-menasi-nedir","title":{"rendered":"Z\u0259r\u0259rin Yar\u0131s\u0131ndan Qay\u0131tmaq \u00d6z\u00fc d\u0259 M\u0259nf\u0259\u0259tdir"},"content":{"rendered":"<p>&#8220;Z\u0259r\u0259rin yar\u0131s\u0131ndan qay\u0131tmaq \u00f6z\u00fc d\u0259 m\u0259nf\u0259\u0259tdir&#8221; atalar s\u00f6z\u00fcn\u00fcn m\u0259nas\u0131, bir i\u015fd\u0259 v\u0259 ya v\u0259ziyy\u0259td\u0259 ba\u015f ver\u0259n z\u0259r\u0259rin tamamil\u0259 itirilm\u0259m\u0259si, y\u0259ni itkil\u0259rin azald\u0131lmas\u0131 hal\u0131nda, bu v\u0259ziyy\u0259tin m\u00fcsb\u0259t bir n\u0259tic\u0259 oldu\u011funu ifad\u0259 edir. Bu s\u00f6z, insanlara \u00e7\u0259tinlikl\u0259r qar\u015f\u0131s\u0131nda m\u00fcsb\u0259t d\u00fc\u015f\u00fcnm\u0259yi v\u0259 itkil\u0259rin tam olmamas\u0131 hal\u0131nda, \u0259ld\u0259 olunan qism\u0259n m\u00fcsb\u0259t n\u0259tic\u0259l\u0259rin d\u0259y\u0259rl\u0259ndirilm\u0259sini t\u00f6vsiy\u0259 edir. H\u0259yatda b\u0259z\u0259n z\u0259r\u0259rl\u0259r qa\u00e7\u0131lmazd\u0131r, lakin bu z\u0259r\u0259rl\u0259rin azald\u0131lmas\u0131, insan\u0131n daha da ir\u0259lil\u0259m\u0259si v\u0259 yeni imkanlar \u0259ld\u0259 etm\u0259si dem\u0259kdir.<\/p>\n<p><b>Q\u0131sa M\u0259nas\u0131<\/b><br \/> Z\u0259r\u0259rl\u0259rin azald\u0131lmas\u0131, m\u00fcsb\u0259t n\u0259tic\u0259 olaraq q\u0259bul edilir.<\/p>\n","protected":false},"excerpt":{"rendered":"<p>&#8220;Z\u0259r\u0259rin yar\u0131s\u0131ndan qay\u0131tmaq \u00f6z\u00fc d\u0259 m\u0259nf\u0259\u0259tdir&#8221; atalar s\u00f6z\u00fcn\u00fcn m\u0259nas\u0131, bir i\u015fd\u0259 v\u0259 ya v\u0259ziyy\u0259td\u0259 ba\u015f ver\u0259n z\u0259r\u0259rin tamamil\u0259 itirilm\u0259m\u0259si, y\u0259ni itkil\u0259rin azald\u0131lmas\u0131 hal\u0131nda, bu v\u0259ziyy\u0259tin m\u00fcsb\u0259t bir n\u0259tic\u0259 oldu\u011funu ifad\u0259 edir. Bu s\u00f6z, insanlara \u00e7\u0259tinlikl\u0259r qar\u015f\u0131s\u0131nda m\u00fcsb\u0259t d\u00fc\u015f\u00fcnm\u0259yi v\u0259 itkil\u0259rin tam olmamas\u0131 hal\u0131nda, \u0259ld\u0259 olunan qism\u0259n m\u00fcsb\u0259t n\u0259tic\u0259l\u0259rin d\u0259y\u0259rl\u0259ndirilm\u0259sini t\u00f6vsiy\u0259 edir. H\u0259yatda b\u0259z\u0259n z\u0259r\u0259rl\u0259r qa\u00e7\u0131lmazd\u0131r, &#8230; <a title=\"Z\u0259r\u0259rin Yar\u0131s\u0131ndan Qay\u0131tmaq \u00d6z\u00fc d\u0259 M\u0259nf\u0259\u0259tdir\" class=\"read-more\" href=\"https:\/\/nedir.az\/atalar-sozleri\/zererin-yarisindan-qayitmaq-ozu-de-menfeetdir-atalar-sozunun-menasi-nedir\" aria-label=\"Read more about Z\u0259r\u0259rin Yar\u0131s\u0131ndan Qay\u0131tmaq \u00d6z\u00fc d\u0259 M\u0259nf\u0259\u0259tdir\">Read more<\/a><\/p>\n","protected":false},"author":2,"featured_media":0,"comment_status":"open","ping_status":"open","sticky":false,"template":"","format":"standard","meta":{"footnotes":""},"categories":[1],"tags":[],"class_list":["post-9764","post","type-post","status-publish","format-standard","hentry","category-atalar-sozleri-atalar-sozu"],"aioseo_notices":[],"_links":{"self":[{"href":"https:\/\/nedir.az\/atalar-sozleri\/wp-json\/wp\/v2\/posts\/9764","targetHints":{"allow":["GET"]}}],"collection":[{"href":"https:\/\/nedir.az\/atalar-sozleri\/wp-json\/wp\/v2\/posts"}],"about":[{"href":"https:\/\/nedir.az\/atalar-sozleri\/wp-json\/wp\/v2\/types\/post"}],"author":[{"embeddable":true,"href":"https:\/\/nedir.az\/atalar-sozleri\/wp-json\/wp\/v2\/users\/2"}],"replies":[{"embeddable":true,"href":"https:\/\/nedir.az\/atalar-sozleri\/wp-json\/wp\/v2\/comments?post=9764"}],"version-history":[{"count":0,"href":"https:\/\/nedir.az\/atalar-sozleri\/wp-json\/wp\/v2\/posts\/9764\/revisions"}],"wp:attachment":[{"href":"https:\/\/nedir.az\/atalar-sozleri\/wp-json\/wp\/v2\/media?parent=9764"}],"wp:term":[{"taxonomy":"category","embeddable":true,"href":"https:\/\/nedir.az\/atalar-sozleri\/wp-json\/wp\/v2\/categories?post=9764"},{"taxonomy":"post_tag","embeddable":true,"href":"https:\/\/nedir.az\/atalar-sozleri\/wp-json\/wp\/v2\/tags?post=9764"}],"curies":[{"name":"wp","href":"https:\/\/api.w.org\/{rel}","templated":true}]}}