{"id":9760,"date":"2024-09-06T21:35:02","date_gmt":"2024-09-06T21:35:02","guid":{"rendered":""},"modified":"-0001-11-30T00:00:00","modified_gmt":"-0001-11-29T21:00:00","slug":"zerer-zeherden-aci-olar","status":"publish","type":"post","link":"https:\/\/nedir.az\/atalar-sozleri\/zerer-zeherden-aci-olar-atalar-sozunun-menasi-nedir","title":{"rendered":"Z\u0259r\u0259r Z\u0259h\u0259rd\u0259n Ac\u0131 Olar"},"content":{"rendered":"<p>&#8220;z\u0259r\u0259r z\u0259h\u0259rd\u0259n ac\u0131 olar&#8221; atalar s\u00f6z\u00fcn\u00fcn m\u0259nas\u0131, insan\u0131n ba\u015f\u0131na g\u0259l\u0259n \u00e7\u0259tinlikl\u0259rin, z\u0259r\u0259rin, b\u0259z\u0259n ac\u0131 bir d\u0259rsd\u0259n sonra ba\u015fa d\u00fc\u015f\u00fcl\u0259c\u0259yini ifad\u0259 edir. Bu atalar s\u00f6z\u00fc, b\u0259z\u0259n ya\u015fanan \u00e7\u0259tinlikl\u0259rin, z\u0259r\u0259rl\u0259rin, insan\u0131 daha g\u00fccl\u00fc v\u0259 t\u0259cr\u00fcb\u0259li etdiyini vur\u011fulay\u0131r. H\u0259yatda qar\u015f\u0131la\u015f\u0131lan \u00e7\u0259tinlikl\u0259rin, z\u0259r\u0259rin, insan\u0131n inki\u015faf\u0131na v\u0259 daha yax\u015f\u0131 q\u0259rarlar verm\u0259sin\u0259 s\u0259b\u0259b ola bil\u0259c\u0259yini g\u00f6st\u0259rir.<\/p>\n<p><b>Q\u0131sa M\u0259nas\u0131<\/b><br \/> \u00c7\u0259tinlikl\u0259r insan\u0131 g\u00fccl\u0259ndirir v\u0259 d\u0259rs verir.<\/p>\n","protected":false},"excerpt":{"rendered":"<p>&#8220;z\u0259r\u0259r z\u0259h\u0259rd\u0259n ac\u0131 olar&#8221; atalar s\u00f6z\u00fcn\u00fcn m\u0259nas\u0131, insan\u0131n ba\u015f\u0131na g\u0259l\u0259n \u00e7\u0259tinlikl\u0259rin, z\u0259r\u0259rin, b\u0259z\u0259n ac\u0131 bir d\u0259rsd\u0259n sonra ba\u015fa d\u00fc\u015f\u00fcl\u0259c\u0259yini ifad\u0259 edir. Bu atalar s\u00f6z\u00fc, b\u0259z\u0259n ya\u015fanan \u00e7\u0259tinlikl\u0259rin, z\u0259r\u0259rl\u0259rin, insan\u0131 daha g\u00fccl\u00fc v\u0259 t\u0259cr\u00fcb\u0259li etdiyini vur\u011fulay\u0131r. H\u0259yatda qar\u015f\u0131la\u015f\u0131lan \u00e7\u0259tinlikl\u0259rin, z\u0259r\u0259rin, insan\u0131n inki\u015faf\u0131na v\u0259 daha yax\u015f\u0131 q\u0259rarlar verm\u0259sin\u0259 s\u0259b\u0259b ola bil\u0259c\u0259yini g\u00f6st\u0259rir. Q\u0131sa M\u0259nas\u0131 \u00c7\u0259tinlikl\u0259r insan\u0131 g\u00fccl\u0259ndirir &#8230; <a title=\"Z\u0259r\u0259r Z\u0259h\u0259rd\u0259n Ac\u0131 Olar\" class=\"read-more\" href=\"https:\/\/nedir.az\/atalar-sozleri\/zerer-zeherden-aci-olar-atalar-sozunun-menasi-nedir\" aria-label=\"Read more about Z\u0259r\u0259r Z\u0259h\u0259rd\u0259n Ac\u0131 Olar\">Read more<\/a><\/p>\n","protected":false},"author":2,"featured_media":0,"comment_status":"open","ping_status":"open","sticky":false,"template":"","format":"standard","meta":{"footnotes":""},"categories":[1],"tags":[],"class_list":["post-9760","post","type-post","status-publish","format-standard","hentry","category-atalar-sozleri-atalar-sozu"],"aioseo_notices":[],"_links":{"self":[{"href":"https:\/\/nedir.az\/atalar-sozleri\/wp-json\/wp\/v2\/posts\/9760","targetHints":{"allow":["GET"]}}],"collection":[{"href":"https:\/\/nedir.az\/atalar-sozleri\/wp-json\/wp\/v2\/posts"}],"about":[{"href":"https:\/\/nedir.az\/atalar-sozleri\/wp-json\/wp\/v2\/types\/post"}],"author":[{"embeddable":true,"href":"https:\/\/nedir.az\/atalar-sozleri\/wp-json\/wp\/v2\/users\/2"}],"replies":[{"embeddable":true,"href":"https:\/\/nedir.az\/atalar-sozleri\/wp-json\/wp\/v2\/comments?post=9760"}],"version-history":[{"count":0,"href":"https:\/\/nedir.az\/atalar-sozleri\/wp-json\/wp\/v2\/posts\/9760\/revisions"}],"wp:attachment":[{"href":"https:\/\/nedir.az\/atalar-sozleri\/wp-json\/wp\/v2\/media?parent=9760"}],"wp:term":[{"taxonomy":"category","embeddable":true,"href":"https:\/\/nedir.az\/atalar-sozleri\/wp-json\/wp\/v2\/categories?post=9760"},{"taxonomy":"post_tag","embeddable":true,"href":"https:\/\/nedir.az\/atalar-sozleri\/wp-json\/wp\/v2\/tags?post=9760"}],"curies":[{"name":"wp","href":"https:\/\/api.w.org\/{rel}","templated":true}]}}