{"id":9757,"date":"2024-09-06T21:35:02","date_gmt":"2024-09-06T21:35:02","guid":{"rendered":""},"modified":"-0001-11-30T00:00:00","modified_gmt":"-0001-11-29T21:00:00","slug":"zerbe-hemise-agriyan-yere-deyer","status":"publish","type":"post","link":"https:\/\/nedir.az\/atalar-sozleri\/zerbe-hemise-agriyan-yere-deyer-atalar-sozunun-menasi-nedir","title":{"rendered":"Z\u0259rb\u0259 H\u0259mi\u015f\u0259 A\u011fr\u0131yan Yer\u0259 D\u0259y\u0259r"},"content":{"rendered":"<p>&#8220;z\u0259rb\u0259 h\u0259mi\u015f\u0259 a\u011fr\u0131yan yer\u0259 d\u0259y\u0259r&#8221; atalar s\u00f6z\u00fcn\u00fcn m\u0259nas\u0131, insan\u0131n z\u0259iflikl\u0259rin\u0259, \u00e7at\u0131\u015fmazl\u0131qlar\u0131na v\u0259 ya ac\u0131 xatir\u0259l\u0259rin\u0259 daha \u00e7ox diqq\u0259t yetirdiyini, bu sah\u0259l\u0259rd\u0259 daha \u00e7ox t\u0259sir\u0259 m\u0259ruz qald\u0131\u011f\u0131n\u0131 ifad\u0259 edir. Bu s\u00f6z, insanlar\u0131n \u00f6z z\u0259iflikl\u0259ri il\u0259 \u00fczl\u0259\u015fm\u0259l\u0259rinin v\u0259 onlardan d\u0259rs \u00e7\u0131xarmalar\u0131n\u0131n vacibliyini vur\u011fulay\u0131r. H\u0259m\u00e7inin, bu atalar s\u00f6z\u00fc, b\u0259z\u0259n insan\u0131n ya\u015fad\u0131\u011f\u0131 \u00e7\u0259tinlikl\u0259rin, ac\u0131lar\u0131n v\u0259 ya travmalar\u0131n onun inki\u015faf\u0131na v\u0259 g\u00fccl\u0259nm\u0259sin\u0259 s\u0259b\u0259b ola bil\u0259c\u0259yini d\u0259 g\u00f6st\u0259rir.<\/p>\n<p><b>Q\u0131sa M\u0259nas\u0131<\/b> <br \/> \u0130nsanlar\u0131n z\u0259iflikl\u0259rin\u0259 v\u0259 ac\u0131 xatir\u0259l\u0259rin\u0259 daha \u00e7ox diqq\u0259t yetirm\u0259si, bu sah\u0259l\u0259rd\u0259 daha \u00e7ox t\u0259sir\u0259 m\u0259ruz qalmas\u0131.<\/p>\n","protected":false},"excerpt":{"rendered":"<p>&#8220;z\u0259rb\u0259 h\u0259mi\u015f\u0259 a\u011fr\u0131yan yer\u0259 d\u0259y\u0259r&#8221; atalar s\u00f6z\u00fcn\u00fcn m\u0259nas\u0131, insan\u0131n z\u0259iflikl\u0259rin\u0259, \u00e7at\u0131\u015fmazl\u0131qlar\u0131na v\u0259 ya ac\u0131 xatir\u0259l\u0259rin\u0259 daha \u00e7ox diqq\u0259t yetirdiyini, bu sah\u0259l\u0259rd\u0259 daha \u00e7ox t\u0259sir\u0259 m\u0259ruz qald\u0131\u011f\u0131n\u0131 ifad\u0259 edir. Bu s\u00f6z, insanlar\u0131n \u00f6z z\u0259iflikl\u0259ri il\u0259 \u00fczl\u0259\u015fm\u0259l\u0259rinin v\u0259 onlardan d\u0259rs \u00e7\u0131xarmalar\u0131n\u0131n vacibliyini vur\u011fulay\u0131r. H\u0259m\u00e7inin, bu atalar s\u00f6z\u00fc, b\u0259z\u0259n insan\u0131n ya\u015fad\u0131\u011f\u0131 \u00e7\u0259tinlikl\u0259rin, ac\u0131lar\u0131n v\u0259 ya travmalar\u0131n onun inki\u015faf\u0131na &#8230; <a title=\"Z\u0259rb\u0259 H\u0259mi\u015f\u0259 A\u011fr\u0131yan Yer\u0259 D\u0259y\u0259r\" class=\"read-more\" href=\"https:\/\/nedir.az\/atalar-sozleri\/zerbe-hemise-agriyan-yere-deyer-atalar-sozunun-menasi-nedir\" aria-label=\"Read more about Z\u0259rb\u0259 H\u0259mi\u015f\u0259 A\u011fr\u0131yan Yer\u0259 D\u0259y\u0259r\">Read more<\/a><\/p>\n","protected":false},"author":2,"featured_media":0,"comment_status":"open","ping_status":"open","sticky":false,"template":"","format":"standard","meta":{"footnotes":""},"categories":[1],"tags":[],"class_list":["post-9757","post","type-post","status-publish","format-standard","hentry","category-atalar-sozleri-atalar-sozu"],"aioseo_notices":[],"_links":{"self":[{"href":"https:\/\/nedir.az\/atalar-sozleri\/wp-json\/wp\/v2\/posts\/9757","targetHints":{"allow":["GET"]}}],"collection":[{"href":"https:\/\/nedir.az\/atalar-sozleri\/wp-json\/wp\/v2\/posts"}],"about":[{"href":"https:\/\/nedir.az\/atalar-sozleri\/wp-json\/wp\/v2\/types\/post"}],"author":[{"embeddable":true,"href":"https:\/\/nedir.az\/atalar-sozleri\/wp-json\/wp\/v2\/users\/2"}],"replies":[{"embeddable":true,"href":"https:\/\/nedir.az\/atalar-sozleri\/wp-json\/wp\/v2\/comments?post=9757"}],"version-history":[{"count":0,"href":"https:\/\/nedir.az\/atalar-sozleri\/wp-json\/wp\/v2\/posts\/9757\/revisions"}],"wp:attachment":[{"href":"https:\/\/nedir.az\/atalar-sozleri\/wp-json\/wp\/v2\/media?parent=9757"}],"wp:term":[{"taxonomy":"category","embeddable":true,"href":"https:\/\/nedir.az\/atalar-sozleri\/wp-json\/wp\/v2\/categories?post=9757"},{"taxonomy":"post_tag","embeddable":true,"href":"https:\/\/nedir.az\/atalar-sozleri\/wp-json\/wp\/v2\/tags?post=9757"}],"curies":[{"name":"wp","href":"https:\/\/api.w.org\/{rel}","templated":true}]}}