{"id":9756,"date":"2024-09-06T21:35:02","date_gmt":"2024-09-06T21:35:02","guid":{"rendered":""},"modified":"-0001-11-30T00:00:00","modified_gmt":"-0001-11-29T21:00:00","slug":"zer-olan-yerde-zerger-de-olar","status":"publish","type":"post","link":"https:\/\/nedir.az\/atalar-sozleri\/zer-olan-yerde-zerger-de-olar-atalar-sozunun-menasi-nedir","title":{"rendered":"Z\u0259r Olan Yerd\u0259 Z\u0259rg\u0259r d\u0259 Olar"},"content":{"rendered":"<p>&#8220;z\u0259r olan yerd\u0259 z\u0259rg\u0259r d\u0259 olar&#8221; atalar s\u00f6z\u00fc, insan\u0131n v\u0259 ya bir \u015feyin d\u0259y\u0259rinin, keyfiyy\u0259tinin, v\u0259 ya imkanlar\u0131n\u0131n, onun m\u00fchitin\u0259, yerl\u0259\u015fdiyi yer\u0259 ba\u011fl\u0131 oldu\u011funu ifad\u0259 edir. Bu s\u00f6z, bir insan\u0131n v\u0259 ya obyektin d\u0259y\u0259rinin, onun \u0259traf\u0131nda olan \u015f\u0259rait v\u0259 imkanlarla birba\u015fa \u0259laq\u0259li oldu\u011funu vur\u011fulay\u0131r. Y\u0259ni, \u0259g\u0259r bir insan yax\u015f\u0131 bir m\u00fchitd\u0259, uy\u011fun \u015f\u0259raitd\u0259 olarsa, onun bacar\u0131qlar\u0131 v\u0259 d\u0259y\u0259rl\u0259ri daha da artar. Bu atalar s\u00f6z\u00fc, insan\u0131n u\u011fur qazanmas\u0131 \u00fc\u00e7\u00fcn do\u011fru m\u00fchitin v\u0259 \u015f\u0259raitin vacibliyini \u00f6n\u0259 \u00e7\u0131xar\u0131r.<\/p>\n<p><b>Q\u0131sa M\u0259nas\u0131<\/b><br \/> \u0130nsanlar\u0131n d\u0259y\u0259ri, yerl\u0259\u015fdikl\u0259ri m\u00fchit\u0259 ba\u011fl\u0131d\u0131r.<\/p>\n","protected":false},"excerpt":{"rendered":"<p>&#8220;z\u0259r olan yerd\u0259 z\u0259rg\u0259r d\u0259 olar&#8221; atalar s\u00f6z\u00fc, insan\u0131n v\u0259 ya bir \u015feyin d\u0259y\u0259rinin, keyfiyy\u0259tinin, v\u0259 ya imkanlar\u0131n\u0131n, onun m\u00fchitin\u0259, yerl\u0259\u015fdiyi yer\u0259 ba\u011fl\u0131 oldu\u011funu ifad\u0259 edir. Bu s\u00f6z, bir insan\u0131n v\u0259 ya obyektin d\u0259y\u0259rinin, onun \u0259traf\u0131nda olan \u015f\u0259rait v\u0259 imkanlarla birba\u015fa \u0259laq\u0259li oldu\u011funu vur\u011fulay\u0131r. Y\u0259ni, \u0259g\u0259r bir insan yax\u015f\u0131 bir m\u00fchitd\u0259, uy\u011fun \u015f\u0259raitd\u0259 olarsa, onun &#8230; <a title=\"Z\u0259r Olan Yerd\u0259 Z\u0259rg\u0259r d\u0259 Olar\" class=\"read-more\" href=\"https:\/\/nedir.az\/atalar-sozleri\/zer-olan-yerde-zerger-de-olar-atalar-sozunun-menasi-nedir\" aria-label=\"Read more about Z\u0259r Olan Yerd\u0259 Z\u0259rg\u0259r d\u0259 Olar\">Read more<\/a><\/p>\n","protected":false},"author":2,"featured_media":0,"comment_status":"open","ping_status":"open","sticky":false,"template":"","format":"standard","meta":{"footnotes":""},"categories":[1],"tags":[],"class_list":["post-9756","post","type-post","status-publish","format-standard","hentry","category-atalar-sozleri-atalar-sozu"],"aioseo_notices":[],"_links":{"self":[{"href":"https:\/\/nedir.az\/atalar-sozleri\/wp-json\/wp\/v2\/posts\/9756","targetHints":{"allow":["GET"]}}],"collection":[{"href":"https:\/\/nedir.az\/atalar-sozleri\/wp-json\/wp\/v2\/posts"}],"about":[{"href":"https:\/\/nedir.az\/atalar-sozleri\/wp-json\/wp\/v2\/types\/post"}],"author":[{"embeddable":true,"href":"https:\/\/nedir.az\/atalar-sozleri\/wp-json\/wp\/v2\/users\/2"}],"replies":[{"embeddable":true,"href":"https:\/\/nedir.az\/atalar-sozleri\/wp-json\/wp\/v2\/comments?post=9756"}],"version-history":[{"count":0,"href":"https:\/\/nedir.az\/atalar-sozleri\/wp-json\/wp\/v2\/posts\/9756\/revisions"}],"wp:attachment":[{"href":"https:\/\/nedir.az\/atalar-sozleri\/wp-json\/wp\/v2\/media?parent=9756"}],"wp:term":[{"taxonomy":"category","embeddable":true,"href":"https:\/\/nedir.az\/atalar-sozleri\/wp-json\/wp\/v2\/categories?post=9756"},{"taxonomy":"post_tag","embeddable":true,"href":"https:\/\/nedir.az\/atalar-sozleri\/wp-json\/wp\/v2\/tags?post=9756"}],"curies":[{"name":"wp","href":"https:\/\/api.w.org\/{rel}","templated":true}]}}