{"id":9753,"date":"2024-09-06T21:35:02","date_gmt":"2024-09-06T21:35:02","guid":{"rendered":""},"modified":"-0001-11-30T00:00:00","modified_gmt":"-0001-11-29T21:00:00","slug":"zer-deyeni-zor-demez","status":"publish","type":"post","link":"https:\/\/nedir.az\/atalar-sozleri\/zer-deyeni-zor-demez-atalar-sozunun-menasi-nedir","title":{"rendered":"Z\u0259r Dey\u0259ni Zor Dem\u0259z"},"content":{"rendered":"<p>&#8220;z\u0259r dey\u0259ni zor dem\u0259z&#8221; atalar s\u00f6z\u00fcn\u00fcn m\u0259nas\u0131, bir insan\u0131n s\u00f6zl\u0259rinin, fikirl\u0259rinin v\u0259 ya d\u00fc\u015f\u00fcnc\u0259l\u0259rinin d\u0259y\u0259rini vur\u011fulamaqd\u0131r. Bu atalar s\u00f6z\u00fc, birinin dedikl\u0259rinin \u0259h\u0259miyy\u0259tini, onun fikirl\u0259rinin g\u00fccl\u00fc oldu\u011funu v\u0259 bu fikirl\u0259rin arxas\u0131nda dayanan s\u0259b\u0259bl\u0259rin oldu\u011funu ifad\u0259 edir. Y\u0259ni, bir insan\u0131n dedikl\u0259ri, onun d\u00fc\u015f\u00fcnc\u0259l\u0259rinin v\u0259 niyy\u0259tl\u0259rinin ciddiliyini g\u00f6st\u0259rir. Bu atalar s\u00f6z\u00fc, eyni zamanda, birinin s\u00f6zl\u0259rin\u0259 etibar etm\u0259yin vacibliyini d\u0259 vur\u011fulay\u0131r.<\/p>\n<p><b>Q\u0131sa M\u0259nas\u0131<\/b><br \/>Birinin dedikl\u0259ri, onun fikirl\u0259rinin g\u00fccl\u00fc oldu\u011funu v\u0259 ciddiyy\u0259tini g\u00f6st\u0259rir.<\/p>\n","protected":false},"excerpt":{"rendered":"<p>&#8220;z\u0259r dey\u0259ni zor dem\u0259z&#8221; atalar s\u00f6z\u00fcn\u00fcn m\u0259nas\u0131, bir insan\u0131n s\u00f6zl\u0259rinin, fikirl\u0259rinin v\u0259 ya d\u00fc\u015f\u00fcnc\u0259l\u0259rinin d\u0259y\u0259rini vur\u011fulamaqd\u0131r. Bu atalar s\u00f6z\u00fc, birinin dedikl\u0259rinin \u0259h\u0259miyy\u0259tini, onun fikirl\u0259rinin g\u00fccl\u00fc oldu\u011funu v\u0259 bu fikirl\u0259rin arxas\u0131nda dayanan s\u0259b\u0259bl\u0259rin oldu\u011funu ifad\u0259 edir. Y\u0259ni, bir insan\u0131n dedikl\u0259ri, onun d\u00fc\u015f\u00fcnc\u0259l\u0259rinin v\u0259 niyy\u0259tl\u0259rinin ciddiliyini g\u00f6st\u0259rir. Bu atalar s\u00f6z\u00fc, eyni zamanda, birinin s\u00f6zl\u0259rin\u0259 etibar etm\u0259yin vacibliyini &#8230; <a title=\"Z\u0259r Dey\u0259ni Zor Dem\u0259z\" class=\"read-more\" href=\"https:\/\/nedir.az\/atalar-sozleri\/zer-deyeni-zor-demez-atalar-sozunun-menasi-nedir\" aria-label=\"Read more about Z\u0259r Dey\u0259ni Zor Dem\u0259z\">Read more<\/a><\/p>\n","protected":false},"author":2,"featured_media":0,"comment_status":"open","ping_status":"open","sticky":false,"template":"","format":"standard","meta":{"footnotes":""},"categories":[1],"tags":[],"class_list":["post-9753","post","type-post","status-publish","format-standard","hentry","category-atalar-sozleri-atalar-sozu"],"aioseo_notices":[],"_links":{"self":[{"href":"https:\/\/nedir.az\/atalar-sozleri\/wp-json\/wp\/v2\/posts\/9753","targetHints":{"allow":["GET"]}}],"collection":[{"href":"https:\/\/nedir.az\/atalar-sozleri\/wp-json\/wp\/v2\/posts"}],"about":[{"href":"https:\/\/nedir.az\/atalar-sozleri\/wp-json\/wp\/v2\/types\/post"}],"author":[{"embeddable":true,"href":"https:\/\/nedir.az\/atalar-sozleri\/wp-json\/wp\/v2\/users\/2"}],"replies":[{"embeddable":true,"href":"https:\/\/nedir.az\/atalar-sozleri\/wp-json\/wp\/v2\/comments?post=9753"}],"version-history":[{"count":0,"href":"https:\/\/nedir.az\/atalar-sozleri\/wp-json\/wp\/v2\/posts\/9753\/revisions"}],"wp:attachment":[{"href":"https:\/\/nedir.az\/atalar-sozleri\/wp-json\/wp\/v2\/media?parent=9753"}],"wp:term":[{"taxonomy":"category","embeddable":true,"href":"https:\/\/nedir.az\/atalar-sozleri\/wp-json\/wp\/v2\/categories?post=9753"},{"taxonomy":"post_tag","embeddable":true,"href":"https:\/\/nedir.az\/atalar-sozleri\/wp-json\/wp\/v2\/tags?post=9753"}],"curies":[{"name":"wp","href":"https:\/\/api.w.org\/{rel}","templated":true}]}}