{"id":9750,"date":"2024-09-06T21:35:02","date_gmt":"2024-09-06T21:35:02","guid":{"rendered":""},"modified":"-0001-11-30T00:00:00","modified_gmt":"-0001-11-29T21:00:00","slug":"zemane-insanin-muellimidir","status":"publish","type":"post","link":"https:\/\/nedir.az\/atalar-sozleri\/zemane-insanin-muellimidir-atalar-sozunun-menasi-nedir","title":{"rendered":"Z\u0259man\u0259 \u0130nsan\u0131n M\u00fc\u0259llimidir"},"content":{"rendered":"<p>\u201cZ\u0259man\u0259 insan\u0131n m\u00fc\u0259llimidir\u201d atalar s\u00f6z\u00fcn\u00fcn m\u0259nas\u0131, insan\u0131n ya\u015fad\u0131\u011f\u0131 d\u00f6vr\u00fcn, m\u00fchitin v\u0259 t\u0259cr\u00fcb\u0259l\u0259rin onun inki\u015faf\u0131nda, d\u00fc\u015f\u00fcnc\u0259l\u0259rind\u0259 v\u0259 davran\u0131\u015flar\u0131nda \u0259h\u0259miyy\u0259tli rol oynad\u0131\u011f\u0131n\u0131 vur\u011fulay\u0131r. Bu s\u00f6z, insan\u0131n \u00f6yr\u0259nm\u0259 prosesinin, zamanla v\u0259 t\u0259cr\u00fcb\u0259l\u0259rl\u0259 formala\u015fd\u0131\u011f\u0131n\u0131 g\u00f6st\u0259rir. H\u0259r bir insan, ya\u015fad\u0131\u011f\u0131 d\u00f6vr\u00fcn t\u0259l\u0259bl\u0259rin\u0259, \u00e7\u0259tinlikl\u0259rin\u0259 v\u0259 imkanlar\u0131na uy\u011fun olaraq \u00f6z\u00fcn\u00fc inki\u015faf etdirir. Zaman, insan\u0131n h\u0259yat\u0131nda ba\u015f ver\u0259n hadis\u0259l\u0259rd\u0259n, qar\u015f\u0131la\u015fd\u0131\u011f\u0131 \u00e7\u0259tinlikl\u0259rd\u0259n v\u0259 \u0259ld\u0259 etdiyi nailiyy\u0259tl\u0259rd\u0259n d\u0259rs almas\u0131na imkan tan\u0131y\u0131r. Bu atalar s\u00f6z\u00fc, insan\u0131n \u00f6z\u00fcn\u00fc tan\u0131mas\u0131 v\u0259 inki\u015faf etm\u0259si \u00fc\u00e7\u00fcn zaman\u0131n vacib oldu\u011funu ifad\u0259 edir.<\/p>\n<p><b>Q\u0131sa M\u0259nas\u0131<\/b><br \/> \u0130nsan zamanla \u00f6yr\u0259nir v\u0259 inki\u015faf edir.<\/p>\n","protected":false},"excerpt":{"rendered":"<p>\u201cZ\u0259man\u0259 insan\u0131n m\u00fc\u0259llimidir\u201d atalar s\u00f6z\u00fcn\u00fcn m\u0259nas\u0131, insan\u0131n ya\u015fad\u0131\u011f\u0131 d\u00f6vr\u00fcn, m\u00fchitin v\u0259 t\u0259cr\u00fcb\u0259l\u0259rin onun inki\u015faf\u0131nda, d\u00fc\u015f\u00fcnc\u0259l\u0259rind\u0259 v\u0259 davran\u0131\u015flar\u0131nda \u0259h\u0259miyy\u0259tli rol oynad\u0131\u011f\u0131n\u0131 vur\u011fulay\u0131r. Bu s\u00f6z, insan\u0131n \u00f6yr\u0259nm\u0259 prosesinin, zamanla v\u0259 t\u0259cr\u00fcb\u0259l\u0259rl\u0259 formala\u015fd\u0131\u011f\u0131n\u0131 g\u00f6st\u0259rir. H\u0259r bir insan, ya\u015fad\u0131\u011f\u0131 d\u00f6vr\u00fcn t\u0259l\u0259bl\u0259rin\u0259, \u00e7\u0259tinlikl\u0259rin\u0259 v\u0259 imkanlar\u0131na uy\u011fun olaraq \u00f6z\u00fcn\u00fc inki\u015faf etdirir. Zaman, insan\u0131n h\u0259yat\u0131nda ba\u015f ver\u0259n hadis\u0259l\u0259rd\u0259n, qar\u015f\u0131la\u015fd\u0131\u011f\u0131 \u00e7\u0259tinlikl\u0259rd\u0259n v\u0259 \u0259ld\u0259 &#8230; <a title=\"Z\u0259man\u0259 \u0130nsan\u0131n M\u00fc\u0259llimidir\" class=\"read-more\" href=\"https:\/\/nedir.az\/atalar-sozleri\/zemane-insanin-muellimidir-atalar-sozunun-menasi-nedir\" aria-label=\"Read more about Z\u0259man\u0259 \u0130nsan\u0131n M\u00fc\u0259llimidir\">Read more<\/a><\/p>\n","protected":false},"author":2,"featured_media":0,"comment_status":"open","ping_status":"open","sticky":false,"template":"","format":"standard","meta":{"footnotes":""},"categories":[1],"tags":[],"class_list":["post-9750","post","type-post","status-publish","format-standard","hentry","category-atalar-sozleri-atalar-sozu"],"aioseo_notices":[],"_links":{"self":[{"href":"https:\/\/nedir.az\/atalar-sozleri\/wp-json\/wp\/v2\/posts\/9750","targetHints":{"allow":["GET"]}}],"collection":[{"href":"https:\/\/nedir.az\/atalar-sozleri\/wp-json\/wp\/v2\/posts"}],"about":[{"href":"https:\/\/nedir.az\/atalar-sozleri\/wp-json\/wp\/v2\/types\/post"}],"author":[{"embeddable":true,"href":"https:\/\/nedir.az\/atalar-sozleri\/wp-json\/wp\/v2\/users\/2"}],"replies":[{"embeddable":true,"href":"https:\/\/nedir.az\/atalar-sozleri\/wp-json\/wp\/v2\/comments?post=9750"}],"version-history":[{"count":0,"href":"https:\/\/nedir.az\/atalar-sozleri\/wp-json\/wp\/v2\/posts\/9750\/revisions"}],"wp:attachment":[{"href":"https:\/\/nedir.az\/atalar-sozleri\/wp-json\/wp\/v2\/media?parent=9750"}],"wp:term":[{"taxonomy":"category","embeddable":true,"href":"https:\/\/nedir.az\/atalar-sozleri\/wp-json\/wp\/v2\/categories?post=9750"},{"taxonomy":"post_tag","embeddable":true,"href":"https:\/\/nedir.az\/atalar-sozleri\/wp-json\/wp\/v2\/tags?post=9750"}],"curies":[{"name":"wp","href":"https:\/\/api.w.org\/{rel}","templated":true}]}}