{"id":9748,"date":"2024-09-06T21:35:02","date_gmt":"2024-09-06T21:35:02","guid":{"rendered":""},"modified":"-0001-11-30T00:00:00","modified_gmt":"-0001-11-29T21:00:00","slug":"zemane-deyisdikce-adamlar-da-deyisir","status":"publish","type":"post","link":"https:\/\/nedir.az\/atalar-sozleri\/zemane-deyisdikce-adamlar-da-deyisir-atalar-sozunun-menasi-nedir","title":{"rendered":"Z\u0259man\u0259 D\u0259yi\u015fdikc\u0259, Adamlar da D\u0259yi\u015fir"},"content":{"rendered":"<p>\u201cZ\u0259man\u0259 d\u0259yi\u015fdikc\u0259, adamlar da d\u0259yi\u015fir\u201d atalar s\u00f6z\u00fc, insanlar\u0131n zamanla d\u0259yi\u015f\u0259n \u015f\u0259rait\u0259 uy\u011funla\u015fma qabiliyy\u0259tini vur\u011fulay\u0131r. Bu s\u00f6z, c\u0259miyy\u0259tin, m\u0259d\u0259niyy\u0259tin v\u0259 insanlar\u0131n d\u00fc\u015f\u00fcnc\u0259 t\u0259rzinin zamanla nec\u0259 inki\u015faf etdiyini, yeni d\u0259y\u0259rl\u0259rin, ad\u0259tl\u0259rin v\u0259 davran\u0131\u015flar\u0131n meydana \u00e7\u0131xd\u0131\u011f\u0131n\u0131 ifad\u0259 edir. H\u0259m\u00e7inin, bu atalar s\u00f6z\u00fc, insanlar\u0131n m\u00fcasir d\u00f6vr\u00fcn t\u0259l\u0259bl\u0259rin\u0259 uy\u011funla\u015fma\u011f\u0131 bacard\u0131\u011f\u0131n\u0131, k\u00f6hn\u0259 d\u00fc\u015f\u00fcnc\u0259 t\u0259rzl\u0259rinin yerini yeni yana\u015fmalara verdiyini g\u00f6st\u0259rir. <\/p>\n<p><b>Q\u0131sa M\u0259nas\u0131<\/b><br \/> \u0130nsanlar\u0131n zamanla d\u0259yi\u015fm\u0259si v\u0259 yeni \u015f\u0259rait\u0259 uy\u011funla\u015fma qabiliyy\u0259ti.<\/p>\n","protected":false},"excerpt":{"rendered":"<p>\u201cZ\u0259man\u0259 d\u0259yi\u015fdikc\u0259, adamlar da d\u0259yi\u015fir\u201d atalar s\u00f6z\u00fc, insanlar\u0131n zamanla d\u0259yi\u015f\u0259n \u015f\u0259rait\u0259 uy\u011funla\u015fma qabiliyy\u0259tini vur\u011fulay\u0131r. Bu s\u00f6z, c\u0259miyy\u0259tin, m\u0259d\u0259niyy\u0259tin v\u0259 insanlar\u0131n d\u00fc\u015f\u00fcnc\u0259 t\u0259rzinin zamanla nec\u0259 inki\u015faf etdiyini, yeni d\u0259y\u0259rl\u0259rin, ad\u0259tl\u0259rin v\u0259 davran\u0131\u015flar\u0131n meydana \u00e7\u0131xd\u0131\u011f\u0131n\u0131 ifad\u0259 edir. H\u0259m\u00e7inin, bu atalar s\u00f6z\u00fc, insanlar\u0131n m\u00fcasir d\u00f6vr\u00fcn t\u0259l\u0259bl\u0259rin\u0259 uy\u011funla\u015fma\u011f\u0131 bacard\u0131\u011f\u0131n\u0131, k\u00f6hn\u0259 d\u00fc\u015f\u00fcnc\u0259 t\u0259rzl\u0259rinin yerini yeni yana\u015fmalara verdiyini g\u00f6st\u0259rir. Q\u0131sa M\u0259nas\u0131 &#8230; <a title=\"Z\u0259man\u0259 D\u0259yi\u015fdikc\u0259, Adamlar da D\u0259yi\u015fir\" class=\"read-more\" href=\"https:\/\/nedir.az\/atalar-sozleri\/zemane-deyisdikce-adamlar-da-deyisir-atalar-sozunun-menasi-nedir\" aria-label=\"Read more about Z\u0259man\u0259 D\u0259yi\u015fdikc\u0259, Adamlar da D\u0259yi\u015fir\">Read more<\/a><\/p>\n","protected":false},"author":2,"featured_media":0,"comment_status":"open","ping_status":"open","sticky":false,"template":"","format":"standard","meta":{"footnotes":""},"categories":[1],"tags":[],"class_list":["post-9748","post","type-post","status-publish","format-standard","hentry","category-atalar-sozleri-atalar-sozu"],"aioseo_notices":[],"_links":{"self":[{"href":"https:\/\/nedir.az\/atalar-sozleri\/wp-json\/wp\/v2\/posts\/9748","targetHints":{"allow":["GET"]}}],"collection":[{"href":"https:\/\/nedir.az\/atalar-sozleri\/wp-json\/wp\/v2\/posts"}],"about":[{"href":"https:\/\/nedir.az\/atalar-sozleri\/wp-json\/wp\/v2\/types\/post"}],"author":[{"embeddable":true,"href":"https:\/\/nedir.az\/atalar-sozleri\/wp-json\/wp\/v2\/users\/2"}],"replies":[{"embeddable":true,"href":"https:\/\/nedir.az\/atalar-sozleri\/wp-json\/wp\/v2\/comments?post=9748"}],"version-history":[{"count":0,"href":"https:\/\/nedir.az\/atalar-sozleri\/wp-json\/wp\/v2\/posts\/9748\/revisions"}],"wp:attachment":[{"href":"https:\/\/nedir.az\/atalar-sozleri\/wp-json\/wp\/v2\/media?parent=9748"}],"wp:term":[{"taxonomy":"category","embeddable":true,"href":"https:\/\/nedir.az\/atalar-sozleri\/wp-json\/wp\/v2\/categories?post=9748"},{"taxonomy":"post_tag","embeddable":true,"href":"https:\/\/nedir.az\/atalar-sozleri\/wp-json\/wp\/v2\/tags?post=9748"}],"curies":[{"name":"wp","href":"https:\/\/api.w.org\/{rel}","templated":true}]}}