{"id":7099,"date":"2024-09-06T21:34:26","date_gmt":"2024-09-06T21:34:26","guid":{"rendered":""},"modified":"-0001-11-30T00:00:00","modified_gmt":"-0001-11-29T21:00:00","slug":"huren-it-qapmaz","status":"publish","type":"post","link":"https:\/\/nedir.az\/atalar-sozleri\/huren-it-qapmaz-atalar-sozunun-menasi-nedir","title":{"rendered":"H\u00fcr\u0259n \u0130t Qapmaz"},"content":{"rendered":"<p>&#8220;h\u00fcr\u0259n it qapmaz&#8221; atalar s\u00f6z\u00fcn\u00fcn m\u0259nas\u0131, bir insan\u0131n, ya da bir \u015feyin, ba\u015fqalar\u0131n\u0131n dedikl\u0259rin\u0259, t\u0259nqidl\u0259rin\u0259 v\u0259 ya h\u0259y\u0259canlar\u0131na aldanmamas\u0131, \u00f6z yolunda ir\u0259lil\u0259m\u0259si v\u0259 ya \u00f6z i\u015fini g\u00f6rm\u0259y\u0259 davam etm\u0259si dem\u0259kdir. Bu atalar s\u00f6z\u00fc, b\u0259z\u0259n ba\u015fqalar\u0131n\u0131n fikirl\u0259rinin v\u0259 ya s\u00f6zl\u0259rinin insan\u0131n f\u0259aliyy\u0259tin\u0259 t\u0259sir etm\u0259m\u0259si laz\u0131m oldu\u011funu vur\u011fulay\u0131r. H\u0259m\u00e7inin, bu ifad\u0259, b\u0259z\u0259n bo\u015f yer\u0259 narahatl\u0131q yaradan v\u0259 ya insan\u0131 yoldan \u00e7\u0131xaran s\u00f6zl\u0259rin \u0259h\u0259miyy\u0259tsiz oldu\u011funu da g\u00f6st\u0259rir.<\/p>\n<p><b>Q\u0131sa M\u0259nas\u0131<\/b><br \/> \u00d6z yolunda ir\u0259lil\u0259m\u0259k, ba\u015fqalar\u0131n\u0131n s\u00f6zl\u0259rin\u0259 aldanmamaq.<\/p>\n","protected":false},"excerpt":{"rendered":"<p>&#8220;h\u00fcr\u0259n it qapmaz&#8221; atalar s\u00f6z\u00fcn\u00fcn m\u0259nas\u0131, bir insan\u0131n, ya da bir \u015feyin, ba\u015fqalar\u0131n\u0131n dedikl\u0259rin\u0259, t\u0259nqidl\u0259rin\u0259 v\u0259 ya h\u0259y\u0259canlar\u0131na aldanmamas\u0131, \u00f6z yolunda ir\u0259lil\u0259m\u0259si v\u0259 ya \u00f6z i\u015fini g\u00f6rm\u0259y\u0259 davam etm\u0259si dem\u0259kdir. Bu atalar s\u00f6z\u00fc, b\u0259z\u0259n ba\u015fqalar\u0131n\u0131n fikirl\u0259rinin v\u0259 ya s\u00f6zl\u0259rinin insan\u0131n f\u0259aliyy\u0259tin\u0259 t\u0259sir etm\u0259m\u0259si laz\u0131m oldu\u011funu vur\u011fulay\u0131r. H\u0259m\u00e7inin, bu ifad\u0259, b\u0259z\u0259n bo\u015f yer\u0259 narahatl\u0131q yaradan v\u0259 &#8230; <a title=\"H\u00fcr\u0259n \u0130t Qapmaz\" class=\"read-more\" href=\"https:\/\/nedir.az\/atalar-sozleri\/huren-it-qapmaz-atalar-sozunun-menasi-nedir\" aria-label=\"Read more about H\u00fcr\u0259n \u0130t Qapmaz\">Read more<\/a><\/p>\n","protected":false},"author":2,"featured_media":0,"comment_status":"open","ping_status":"open","sticky":false,"template":"","format":"standard","meta":{"footnotes":""},"categories":[1],"tags":[],"class_list":["post-7099","post","type-post","status-publish","format-standard","hentry","category-atalar-sozleri-atalar-sozu"],"aioseo_notices":[],"_links":{"self":[{"href":"https:\/\/nedir.az\/atalar-sozleri\/wp-json\/wp\/v2\/posts\/7099","targetHints":{"allow":["GET"]}}],"collection":[{"href":"https:\/\/nedir.az\/atalar-sozleri\/wp-json\/wp\/v2\/posts"}],"about":[{"href":"https:\/\/nedir.az\/atalar-sozleri\/wp-json\/wp\/v2\/types\/post"}],"author":[{"embeddable":true,"href":"https:\/\/nedir.az\/atalar-sozleri\/wp-json\/wp\/v2\/users\/2"}],"replies":[{"embeddable":true,"href":"https:\/\/nedir.az\/atalar-sozleri\/wp-json\/wp\/v2\/comments?post=7099"}],"version-history":[{"count":0,"href":"https:\/\/nedir.az\/atalar-sozleri\/wp-json\/wp\/v2\/posts\/7099\/revisions"}],"wp:attachment":[{"href":"https:\/\/nedir.az\/atalar-sozleri\/wp-json\/wp\/v2\/media?parent=7099"}],"wp:term":[{"taxonomy":"category","embeddable":true,"href":"https:\/\/nedir.az\/atalar-sozleri\/wp-json\/wp\/v2\/categories?post=7099"},{"taxonomy":"post_tag","embeddable":true,"href":"https:\/\/nedir.az\/atalar-sozleri\/wp-json\/wp\/v2\/tags?post=7099"}],"curies":[{"name":"wp","href":"https:\/\/api.w.org\/{rel}","templated":true}]}}