{"id":6956,"date":"2024-09-06T21:34:25","date_gmt":"2024-09-06T21:34:25","guid":{"rendered":""},"modified":"-0001-11-30T00:00:00","modified_gmt":"-0001-11-29T21:00:00","slug":"her-atasinin-gozu-cixarilana-koroglu-demezler","status":"publish","type":"post","link":"https:\/\/nedir.az\/atalar-sozleri\/her-atasinin-gozu-cixarilana-koroglu-demezler-atalar-sozunun-menasi-nedir","title":{"rendered":"H\u0259r Atas\u0131n\u0131n G\u00f6z\u00fc \u00c7\u0131xar\u0131lana Koro\u011flu Dem\u0259zl\u0259r"},"content":{"rendered":"<p>&#8220;h\u0259r atas\u0131n\u0131n g\u00f6z\u00fc \u00e7\u0131xar\u0131lana koro\u011flu dem\u0259zl\u0259r&#8221; atalar s\u00f6z\u00fcn\u00fcn m\u0259nas\u0131, bir insan\u0131n \u00f6z \u00f6vlad\u0131na, yaxud sevdikl\u0259rin\u0259 qar\u015f\u0131 olan d\u0259rin sevgisini v\u0259 onlara qar\u015f\u0131 olan m\u0259suliyy\u0259tini ifad\u0259 edir. Bu s\u00f6z, bir ata \u00fc\u00e7\u00fcn \u00f6vlad\u0131n\u0131n d\u0259y\u0259rinin v\u0259 onun \u00fc\u00e7\u00fcn \u00e7\u0259kdiyi \u0259zablar\u0131n n\u0259 q\u0259d\u0259r b\u00f6y\u00fck oldu\u011funu vur\u011fulay\u0131r. Eyni zamanda, bu atalar s\u00f6z\u00fc, insanlar\u0131n ba\u015fqalar\u0131n\u0131n ac\u0131lar\u0131n\u0131 anlamaq v\u0259 onlara d\u0259y\u0259r verm\u0259k laz\u0131m oldu\u011funu da xat\u0131rlad\u0131r. Koro\u011flu, Az\u0259rbaycan folklorunda bir q\u0259hr\u0259man simvoludur v\u0259 onun ad\u0131, \u0259dal\u0259t, q\u0259hr\u0259manl\u0131q v\u0259 sevgi il\u0259 ba\u011fl\u0131d\u0131r. Bu atalar s\u00f6z\u00fc, bir ata \u00fc\u00e7\u00fcn \u00f6vlad\u0131n\u0131n g\u00f6z\u0259lliyi v\u0259 d\u0259y\u0259ri, onun \u00fc\u00e7\u00fcn \u0259n qiym\u0259tli \u015feyl\u0259rd\u0259n biridir.<\/p>\n<p><b>Q\u0131sa M\u0259nas\u0131<\/b><br \/> Bu atalar s\u00f6z\u00fc, ata sevgisinin v\u0259 \u00f6vlad\u0131n d\u0259y\u0259rinin \u00f6n\u0259mini vur\u011fulay\u0131r.<\/p>\n","protected":false},"excerpt":{"rendered":"<p>&#8220;h\u0259r atas\u0131n\u0131n g\u00f6z\u00fc \u00e7\u0131xar\u0131lana koro\u011flu dem\u0259zl\u0259r&#8221; atalar s\u00f6z\u00fcn\u00fcn m\u0259nas\u0131, bir insan\u0131n \u00f6z \u00f6vlad\u0131na, yaxud sevdikl\u0259rin\u0259 qar\u015f\u0131 olan d\u0259rin sevgisini v\u0259 onlara qar\u015f\u0131 olan m\u0259suliyy\u0259tini ifad\u0259 edir. Bu s\u00f6z, bir ata \u00fc\u00e7\u00fcn \u00f6vlad\u0131n\u0131n d\u0259y\u0259rinin v\u0259 onun \u00fc\u00e7\u00fcn \u00e7\u0259kdiyi \u0259zablar\u0131n n\u0259 q\u0259d\u0259r b\u00f6y\u00fck oldu\u011funu vur\u011fulay\u0131r. Eyni zamanda, bu atalar s\u00f6z\u00fc, insanlar\u0131n ba\u015fqalar\u0131n\u0131n ac\u0131lar\u0131n\u0131 anlamaq v\u0259 onlara d\u0259y\u0259r &#8230; <a title=\"H\u0259r Atas\u0131n\u0131n G\u00f6z\u00fc \u00c7\u0131xar\u0131lana Koro\u011flu Dem\u0259zl\u0259r\" class=\"read-more\" href=\"https:\/\/nedir.az\/atalar-sozleri\/her-atasinin-gozu-cixarilana-koroglu-demezler-atalar-sozunun-menasi-nedir\" aria-label=\"Read more about H\u0259r Atas\u0131n\u0131n G\u00f6z\u00fc \u00c7\u0131xar\u0131lana Koro\u011flu Dem\u0259zl\u0259r\">Read more<\/a><\/p>\n","protected":false},"author":2,"featured_media":0,"comment_status":"open","ping_status":"open","sticky":false,"template":"","format":"standard","meta":{"footnotes":""},"categories":[1],"tags":[],"class_list":["post-6956","post","type-post","status-publish","format-standard","hentry","category-atalar-sozleri-atalar-sozu"],"aioseo_notices":[],"_links":{"self":[{"href":"https:\/\/nedir.az\/atalar-sozleri\/wp-json\/wp\/v2\/posts\/6956","targetHints":{"allow":["GET"]}}],"collection":[{"href":"https:\/\/nedir.az\/atalar-sozleri\/wp-json\/wp\/v2\/posts"}],"about":[{"href":"https:\/\/nedir.az\/atalar-sozleri\/wp-json\/wp\/v2\/types\/post"}],"author":[{"embeddable":true,"href":"https:\/\/nedir.az\/atalar-sozleri\/wp-json\/wp\/v2\/users\/2"}],"replies":[{"embeddable":true,"href":"https:\/\/nedir.az\/atalar-sozleri\/wp-json\/wp\/v2\/comments?post=6956"}],"version-history":[{"count":0,"href":"https:\/\/nedir.az\/atalar-sozleri\/wp-json\/wp\/v2\/posts\/6956\/revisions"}],"wp:attachment":[{"href":"https:\/\/nedir.az\/atalar-sozleri\/wp-json\/wp\/v2\/media?parent=6956"}],"wp:term":[{"taxonomy":"category","embeddable":true,"href":"https:\/\/nedir.az\/atalar-sozleri\/wp-json\/wp\/v2\/categories?post=6956"},{"taxonomy":"post_tag","embeddable":true,"href":"https:\/\/nedir.az\/atalar-sozleri\/wp-json\/wp\/v2\/tags?post=6956"}],"curies":[{"name":"wp","href":"https:\/\/api.w.org\/{rel}","templated":true}]}}