{"id":6947,"date":"2024-09-06T21:34:24","date_gmt":"2024-09-06T21:34:24","guid":{"rendered":""},"modified":"-0001-11-30T00:00:00","modified_gmt":"-0001-11-29T21:00:00","slug":"her-agil-bir-deyil","status":"publish","type":"post","link":"https:\/\/nedir.az\/atalar-sozleri\/her-agil-bir-deyil-atalar-sozunun-menasi-nedir","title":{"rendered":"H\u0259r A\u011f\u0131l Bir Deyil"},"content":{"rendered":"<p>\u201ch\u0259r a\u011f\u0131l bir deyil\u201d atalar s\u00f6z\u00fcn\u00fcn m\u0259nas\u0131, insanlar\u0131n d\u00fc\u015f\u00fcnc\u0259 t\u0259rzinin, fikirl\u0259rinin v\u0259 anlay\u0131\u015flar\u0131n\u0131n f\u0259rqli oldu\u011funu vur\u011fulay\u0131r. Bu atalar s\u00f6z\u00fc, insanlar\u0131n m\u00fcxt\u0259lif t\u0259cr\u00fcb\u0259l\u0259r\u0259, bilikl\u0259r\u0259 v\u0259 perspektivl\u0259r\u0259 sahib oldu\u011funu, buna g\u00f6r\u0259 d\u0259 eyni m\u0259s\u0259l\u0259y\u0259 f\u0259rqli yana\u015fmalar\u0131n ola bil\u0259c\u0259yini ifad\u0259 edir. H\u0259r k\u0259sin \u00f6z\u00fcn\u0259m\u0259xsus d\u00fc\u015f\u00fcnc\u0259 t\u0259rzi oldu\u011fu \u00fc\u00e7\u00fcn, bir m\u0259s\u0259l\u0259y\u0259 dair m\u00fcxt\u0259lif fikirl\u0259rin olmas\u0131 normald\u0131r. Bu, h\u0259m d\u0259 m\u00fczakir\u0259l\u0259rin v\u0259 fikir m\u00fcbadil\u0259l\u0259rinin \u0259h\u0259miyy\u0259tini g\u00f6st\u0259rir.<\/p>\n<p><b>Q\u0131sa M\u0259nas\u0131<\/b><br \/> \u0130nsanlar\u0131n d\u00fc\u015f\u00fcnc\u0259 t\u0259rzinin f\u0259rqli oldu\u011funu, eyni m\u0259s\u0259l\u0259y\u0259 m\u00fcxt\u0259lif yana\u015fmalar\u0131n ola bil\u0259c\u0259yini ifad\u0259 edir.<\/p>\n","protected":false},"excerpt":{"rendered":"<p>\u201ch\u0259r a\u011f\u0131l bir deyil\u201d atalar s\u00f6z\u00fcn\u00fcn m\u0259nas\u0131, insanlar\u0131n d\u00fc\u015f\u00fcnc\u0259 t\u0259rzinin, fikirl\u0259rinin v\u0259 anlay\u0131\u015flar\u0131n\u0131n f\u0259rqli oldu\u011funu vur\u011fulay\u0131r. Bu atalar s\u00f6z\u00fc, insanlar\u0131n m\u00fcxt\u0259lif t\u0259cr\u00fcb\u0259l\u0259r\u0259, bilikl\u0259r\u0259 v\u0259 perspektivl\u0259r\u0259 sahib oldu\u011funu, buna g\u00f6r\u0259 d\u0259 eyni m\u0259s\u0259l\u0259y\u0259 f\u0259rqli yana\u015fmalar\u0131n ola bil\u0259c\u0259yini ifad\u0259 edir. H\u0259r k\u0259sin \u00f6z\u00fcn\u0259m\u0259xsus d\u00fc\u015f\u00fcnc\u0259 t\u0259rzi oldu\u011fu \u00fc\u00e7\u00fcn, bir m\u0259s\u0259l\u0259y\u0259 dair m\u00fcxt\u0259lif fikirl\u0259rin olmas\u0131 normald\u0131r. Bu, h\u0259m d\u0259 &#8230; <a title=\"H\u0259r A\u011f\u0131l Bir Deyil\" class=\"read-more\" href=\"https:\/\/nedir.az\/atalar-sozleri\/her-agil-bir-deyil-atalar-sozunun-menasi-nedir\" aria-label=\"Read more about H\u0259r A\u011f\u0131l Bir Deyil\">Read more<\/a><\/p>\n","protected":false},"author":2,"featured_media":0,"comment_status":"open","ping_status":"open","sticky":false,"template":"","format":"standard","meta":{"footnotes":""},"categories":[1],"tags":[],"class_list":["post-6947","post","type-post","status-publish","format-standard","hentry","category-atalar-sozleri-atalar-sozu"],"aioseo_notices":[],"_links":{"self":[{"href":"https:\/\/nedir.az\/atalar-sozleri\/wp-json\/wp\/v2\/posts\/6947","targetHints":{"allow":["GET"]}}],"collection":[{"href":"https:\/\/nedir.az\/atalar-sozleri\/wp-json\/wp\/v2\/posts"}],"about":[{"href":"https:\/\/nedir.az\/atalar-sozleri\/wp-json\/wp\/v2\/types\/post"}],"author":[{"embeddable":true,"href":"https:\/\/nedir.az\/atalar-sozleri\/wp-json\/wp\/v2\/users\/2"}],"replies":[{"embeddable":true,"href":"https:\/\/nedir.az\/atalar-sozleri\/wp-json\/wp\/v2\/comments?post=6947"}],"version-history":[{"count":0,"href":"https:\/\/nedir.az\/atalar-sozleri\/wp-json\/wp\/v2\/posts\/6947\/revisions"}],"wp:attachment":[{"href":"https:\/\/nedir.az\/atalar-sozleri\/wp-json\/wp\/v2\/media?parent=6947"}],"wp:term":[{"taxonomy":"category","embeddable":true,"href":"https:\/\/nedir.az\/atalar-sozleri\/wp-json\/wp\/v2\/categories?post=6947"},{"taxonomy":"post_tag","embeddable":true,"href":"https:\/\/nedir.az\/atalar-sozleri\/wp-json\/wp\/v2\/tags?post=6947"}],"curies":[{"name":"wp","href":"https:\/\/api.w.org\/{rel}","templated":true}]}}