{"id":6946,"date":"2024-09-06T21:34:24","date_gmt":"2024-09-06T21:34:24","guid":{"rendered":""},"modified":"-0001-11-30T00:00:00","modified_gmt":"-0001-11-29T21:00:00","slug":"her-agaran-qar-olmaz","status":"publish","type":"post","link":"https:\/\/nedir.az\/atalar-sozleri\/her-agaran-qar-olmaz-atalar-sozunun-menasi-nedir","title":{"rendered":"H\u0259r A\u011faran Qar Olmaz"},"content":{"rendered":"<p>&#8220;h\u0259r a\u011faran qar olmaz&#8221; atalar s\u00f6z\u00fcn\u00fcn m\u0259nas\u0131, insanlar\u0131n xarici g\u00f6r\u00fcn\u00fc\u015fl\u0259rin\u0259 v\u0259 ya ilk t\u0259\u0259ss\u00fcratlar\u0131na \u0259saslanaraq onlar\u0131 tam olaraq qiym\u0259tl\u0259ndirm\u0259m\u0259k laz\u0131m oldu\u011funu vur\u011fulay\u0131r. Bu atalar s\u00f6z\u00fc, b\u0259z\u0259n insanlar\u0131n g\u00f6r\u00fcn\u00fc\u015f\u00fc il\u0259 onlar\u0131n daxili keyfiyy\u0259tl\u0259ri aras\u0131nda f\u0259rq oldu\u011funu bildirir. Y\u0259ni, bir insan\u0131n xarici g\u00f6r\u00fcn\u00fc\u015f\u00fc onun \u0259sl mahiyy\u0259tini \u0259ks etdirm\u0259y\u0259 bil\u0259r. Bu, insanlar\u0131 daha d\u0259rind\u0259n tan\u0131ma\u011f\u0131n vacibliyini ifad\u0259 edir.<\/p>\n<p><b>Q\u0131sa M\u0259nas\u0131<\/b><br \/> \u0130nsanlar\u0131n xarici g\u00f6r\u00fcn\u00fc\u015f\u00fc il\u0259 daxili keyfiyy\u0259tl\u0259ri aras\u0131nda f\u0259rq oldu\u011funu vur\u011fulay\u0131r.<\/p>\n","protected":false},"excerpt":{"rendered":"<p>&#8220;h\u0259r a\u011faran qar olmaz&#8221; atalar s\u00f6z\u00fcn\u00fcn m\u0259nas\u0131, insanlar\u0131n xarici g\u00f6r\u00fcn\u00fc\u015fl\u0259rin\u0259 v\u0259 ya ilk t\u0259\u0259ss\u00fcratlar\u0131na \u0259saslanaraq onlar\u0131 tam olaraq qiym\u0259tl\u0259ndirm\u0259m\u0259k laz\u0131m oldu\u011funu vur\u011fulay\u0131r. Bu atalar s\u00f6z\u00fc, b\u0259z\u0259n insanlar\u0131n g\u00f6r\u00fcn\u00fc\u015f\u00fc il\u0259 onlar\u0131n daxili keyfiyy\u0259tl\u0259ri aras\u0131nda f\u0259rq oldu\u011funu bildirir. Y\u0259ni, bir insan\u0131n xarici g\u00f6r\u00fcn\u00fc\u015f\u00fc onun \u0259sl mahiyy\u0259tini \u0259ks etdirm\u0259y\u0259 bil\u0259r. Bu, insanlar\u0131 daha d\u0259rind\u0259n tan\u0131ma\u011f\u0131n vacibliyini ifad\u0259 edir. &#8230; <a title=\"H\u0259r A\u011faran Qar Olmaz\" class=\"read-more\" href=\"https:\/\/nedir.az\/atalar-sozleri\/her-agaran-qar-olmaz-atalar-sozunun-menasi-nedir\" aria-label=\"Read more about H\u0259r A\u011faran Qar Olmaz\">Read more<\/a><\/p>\n","protected":false},"author":2,"featured_media":0,"comment_status":"open","ping_status":"open","sticky":false,"template":"","format":"standard","meta":{"footnotes":""},"categories":[1],"tags":[],"class_list":["post-6946","post","type-post","status-publish","format-standard","hentry","category-atalar-sozleri-atalar-sozu"],"aioseo_notices":[],"_links":{"self":[{"href":"https:\/\/nedir.az\/atalar-sozleri\/wp-json\/wp\/v2\/posts\/6946","targetHints":{"allow":["GET"]}}],"collection":[{"href":"https:\/\/nedir.az\/atalar-sozleri\/wp-json\/wp\/v2\/posts"}],"about":[{"href":"https:\/\/nedir.az\/atalar-sozleri\/wp-json\/wp\/v2\/types\/post"}],"author":[{"embeddable":true,"href":"https:\/\/nedir.az\/atalar-sozleri\/wp-json\/wp\/v2\/users\/2"}],"replies":[{"embeddable":true,"href":"https:\/\/nedir.az\/atalar-sozleri\/wp-json\/wp\/v2\/comments?post=6946"}],"version-history":[{"count":0,"href":"https:\/\/nedir.az\/atalar-sozleri\/wp-json\/wp\/v2\/posts\/6946\/revisions"}],"wp:attachment":[{"href":"https:\/\/nedir.az\/atalar-sozleri\/wp-json\/wp\/v2\/media?parent=6946"}],"wp:term":[{"taxonomy":"category","embeddable":true,"href":"https:\/\/nedir.az\/atalar-sozleri\/wp-json\/wp\/v2\/categories?post=6946"},{"taxonomy":"post_tag","embeddable":true,"href":"https:\/\/nedir.az\/atalar-sozleri\/wp-json\/wp\/v2\/tags?post=6946"}],"curies":[{"name":"wp","href":"https:\/\/api.w.org\/{rel}","templated":true}]}}