{"id":6940,"date":"2024-09-06T21:34:24","date_gmt":"2024-09-06T21:34:24","guid":{"rendered":""},"modified":"-0001-11-30T00:00:00","modified_gmt":"-0001-11-29T21:00:00","slug":"her-axan-suya-araz-demezler","status":"publish","type":"post","link":"https:\/\/nedir.az\/atalar-sozleri\/her-axan-suya-araz-demezler-atalar-sozunun-menasi-nedir","title":{"rendered":"H\u0259r Axan Suya Araz Dem\u0259zl\u0259r"},"content":{"rendered":"<p>\u201ch\u0259r axan suya araz dem\u0259zl\u0259r\u201d atalar s\u00f6z\u00fcn\u00fcn m\u0259nas\u0131, insanlar\u0131n ba\u015fqalar\u0131n\u0131n i\u015fl\u0259rin\u0259, u\u011furlar\u0131na v\u0259 ya m\u00fcv\u0259ff\u0259qiyy\u0259tl\u0259rin\u0259 qar\u015f\u0131 q\u0131sqancl\u0131q etm\u0259m\u0259si, h\u0259r k\u0259sin \u00f6z yolunu getm\u0259si v\u0259 ba\u015fqalar\u0131n\u0131n u\u011furlar\u0131n\u0131 q\u0259bul etm\u0259si laz\u0131m oldu\u011funu vur\u011fulay\u0131r. Bu atalar s\u00f6z\u00fc, insanlar\u0131n bir-birin\u0259 d\u0259st\u0259k olmas\u0131n\u0131n, birg\u0259 ya\u015fama\u011f\u0131n v\u0259 m\u00fcsb\u0259t m\u00fcnasib\u0259tl\u0259rin \u0259h\u0259miyy\u0259tini ifad\u0259 edir. H\u0259m\u00e7inin, bu ifad\u0259, insanlar\u0131n \u00f6z i\u015fl\u0259rin\u0259 fokuslanmas\u0131n\u0131n v\u0259 ba\u015fqalar\u0131n\u0131n u\u011furlar\u0131n\u0131 t\u0259qdir etm\u0259sinin vacibliyini xat\u0131rlad\u0131r.<\/p>\n<p><b>Q\u0131sa M\u0259nas\u0131<\/b><br \/>Ba\u015fqalar\u0131n\u0131n u\u011furlar\u0131n\u0131 q\u0131sqanmaq \u0259v\u0259zin\u0259, onlar\u0131 q\u0259bul etm\u0259k v\u0259 \u00f6z yolumuzu getm\u0259k laz\u0131md\u0131r.<\/p>\n","protected":false},"excerpt":{"rendered":"<p>\u201ch\u0259r axan suya araz dem\u0259zl\u0259r\u201d atalar s\u00f6z\u00fcn\u00fcn m\u0259nas\u0131, insanlar\u0131n ba\u015fqalar\u0131n\u0131n i\u015fl\u0259rin\u0259, u\u011furlar\u0131na v\u0259 ya m\u00fcv\u0259ff\u0259qiyy\u0259tl\u0259rin\u0259 qar\u015f\u0131 q\u0131sqancl\u0131q etm\u0259m\u0259si, h\u0259r k\u0259sin \u00f6z yolunu getm\u0259si v\u0259 ba\u015fqalar\u0131n\u0131n u\u011furlar\u0131n\u0131 q\u0259bul etm\u0259si laz\u0131m oldu\u011funu vur\u011fulay\u0131r. Bu atalar s\u00f6z\u00fc, insanlar\u0131n bir-birin\u0259 d\u0259st\u0259k olmas\u0131n\u0131n, birg\u0259 ya\u015fama\u011f\u0131n v\u0259 m\u00fcsb\u0259t m\u00fcnasib\u0259tl\u0259rin \u0259h\u0259miyy\u0259tini ifad\u0259 edir. H\u0259m\u00e7inin, bu ifad\u0259, insanlar\u0131n \u00f6z i\u015fl\u0259rin\u0259 fokuslanmas\u0131n\u0131n v\u0259 ba\u015fqalar\u0131n\u0131n &#8230; <a title=\"H\u0259r Axan Suya Araz Dem\u0259zl\u0259r\" class=\"read-more\" href=\"https:\/\/nedir.az\/atalar-sozleri\/her-axan-suya-araz-demezler-atalar-sozunun-menasi-nedir\" aria-label=\"Read more about H\u0259r Axan Suya Araz Dem\u0259zl\u0259r\">Read more<\/a><\/p>\n","protected":false},"author":2,"featured_media":0,"comment_status":"open","ping_status":"open","sticky":false,"template":"","format":"standard","meta":{"footnotes":""},"categories":[1],"tags":[],"class_list":["post-6940","post","type-post","status-publish","format-standard","hentry","category-atalar-sozleri-atalar-sozu"],"aioseo_notices":[],"_links":{"self":[{"href":"https:\/\/nedir.az\/atalar-sozleri\/wp-json\/wp\/v2\/posts\/6940","targetHints":{"allow":["GET"]}}],"collection":[{"href":"https:\/\/nedir.az\/atalar-sozleri\/wp-json\/wp\/v2\/posts"}],"about":[{"href":"https:\/\/nedir.az\/atalar-sozleri\/wp-json\/wp\/v2\/types\/post"}],"author":[{"embeddable":true,"href":"https:\/\/nedir.az\/atalar-sozleri\/wp-json\/wp\/v2\/users\/2"}],"replies":[{"embeddable":true,"href":"https:\/\/nedir.az\/atalar-sozleri\/wp-json\/wp\/v2\/comments?post=6940"}],"version-history":[{"count":0,"href":"https:\/\/nedir.az\/atalar-sozleri\/wp-json\/wp\/v2\/posts\/6940\/revisions"}],"wp:attachment":[{"href":"https:\/\/nedir.az\/atalar-sozleri\/wp-json\/wp\/v2\/media?parent=6940"}],"wp:term":[{"taxonomy":"category","embeddable":true,"href":"https:\/\/nedir.az\/atalar-sozleri\/wp-json\/wp\/v2\/categories?post=6940"},{"taxonomy":"post_tag","embeddable":true,"href":"https:\/\/nedir.az\/atalar-sozleri\/wp-json\/wp\/v2\/tags?post=6940"}],"curies":[{"name":"wp","href":"https:\/\/api.w.org\/{rel}","templated":true}]}}