{"id":6936,"date":"2024-09-06T21:34:24","date_gmt":"2024-09-06T21:34:24","guid":{"rendered":""},"modified":"-0001-11-30T00:00:00","modified_gmt":"-0001-11-29T21:00:00","slug":"hellem-qellem-adamdir","status":"publish","type":"post","link":"https:\/\/nedir.az\/atalar-sozleri\/hellem-qellem-adamdir-atalar-sozunun-menasi-nedir","title":{"rendered":"H\u0259ll\u0259m-q\u0259ll\u0259m Adamd\u0131r"},"content":{"rendered":"<p>&#8220;h\u0259ll\u0259m-q\u0259ll\u0259m adamd\u0131r&#8221; atalar s\u00f6z\u00fcn\u00fcn m\u0259nas\u0131, bir insan\u0131n \u00f6z i\u015fini d\u00fczg\u00fcn v\u0259 s\u0259m\u0259r\u0259li yerin\u0259 yetirm\u0259diyini, ya da bir \u015feyin ba\u015fa d\u00fc\u015f\u00fclm\u0259z, qar\u0131\u015f\u0131q v\u0259 ya qeyri-m\u00fc\u0259yy\u0259n oldu\u011funu ifad\u0259 edir. Bu atalar s\u00f6z\u00fc, ad\u0259t\u0259n, birinin davran\u0131\u015flar\u0131n\u0131 v\u0259 ya i\u015fini t\u0259nqid etm\u0259k \u00fc\u00e7\u00fcn istifad\u0259 olunur. H\u0259ll\u0259m-q\u0259ll\u0259m adam\u0131, bir i\u015fin i\u00e7ind\u0259 olan, amma onu d\u00fczg\u00fcn \u015f\u0259kild\u0259 yerin\u0259 yetirm\u0259y\u0259n, ya da bir m\u0259s\u0259l\u0259ni ayd\u0131n \u015f\u0259kild\u0259 izah ed\u0259 bilm\u0259y\u0259n insan\u0131 t\u0259svir edir.<\/p>\n<p><b>Q\u0131sa M\u0259nas\u0131<\/b><br \/> H\u0259ll\u0259m-q\u0259ll\u0259m adamd\u0131r, i\u015fini d\u00fczg\u00fcn yerin\u0259 yetirm\u0259y\u0259n v\u0259 ya qar\u0131\u015f\u0131q davranan insan\u0131 ifad\u0259 edir.<\/p>\n","protected":false},"excerpt":{"rendered":"<p>&#8220;h\u0259ll\u0259m-q\u0259ll\u0259m adamd\u0131r&#8221; atalar s\u00f6z\u00fcn\u00fcn m\u0259nas\u0131, bir insan\u0131n \u00f6z i\u015fini d\u00fczg\u00fcn v\u0259 s\u0259m\u0259r\u0259li yerin\u0259 yetirm\u0259diyini, ya da bir \u015feyin ba\u015fa d\u00fc\u015f\u00fclm\u0259z, qar\u0131\u015f\u0131q v\u0259 ya qeyri-m\u00fc\u0259yy\u0259n oldu\u011funu ifad\u0259 edir. Bu atalar s\u00f6z\u00fc, ad\u0259t\u0259n, birinin davran\u0131\u015flar\u0131n\u0131 v\u0259 ya i\u015fini t\u0259nqid etm\u0259k \u00fc\u00e7\u00fcn istifad\u0259 olunur. H\u0259ll\u0259m-q\u0259ll\u0259m adam\u0131, bir i\u015fin i\u00e7ind\u0259 olan, amma onu d\u00fczg\u00fcn \u015f\u0259kild\u0259 yerin\u0259 yetirm\u0259y\u0259n, ya da &#8230; <a title=\"H\u0259ll\u0259m-q\u0259ll\u0259m Adamd\u0131r\" class=\"read-more\" href=\"https:\/\/nedir.az\/atalar-sozleri\/hellem-qellem-adamdir-atalar-sozunun-menasi-nedir\" aria-label=\"Read more about H\u0259ll\u0259m-q\u0259ll\u0259m Adamd\u0131r\">Read more<\/a><\/p>\n","protected":false},"author":2,"featured_media":0,"comment_status":"open","ping_status":"open","sticky":false,"template":"","format":"standard","meta":{"footnotes":""},"categories":[1],"tags":[],"class_list":["post-6936","post","type-post","status-publish","format-standard","hentry","category-atalar-sozleri-atalar-sozu"],"aioseo_notices":[],"_links":{"self":[{"href":"https:\/\/nedir.az\/atalar-sozleri\/wp-json\/wp\/v2\/posts\/6936","targetHints":{"allow":["GET"]}}],"collection":[{"href":"https:\/\/nedir.az\/atalar-sozleri\/wp-json\/wp\/v2\/posts"}],"about":[{"href":"https:\/\/nedir.az\/atalar-sozleri\/wp-json\/wp\/v2\/types\/post"}],"author":[{"embeddable":true,"href":"https:\/\/nedir.az\/atalar-sozleri\/wp-json\/wp\/v2\/users\/2"}],"replies":[{"embeddable":true,"href":"https:\/\/nedir.az\/atalar-sozleri\/wp-json\/wp\/v2\/comments?post=6936"}],"version-history":[{"count":0,"href":"https:\/\/nedir.az\/atalar-sozleri\/wp-json\/wp\/v2\/posts\/6936\/revisions"}],"wp:attachment":[{"href":"https:\/\/nedir.az\/atalar-sozleri\/wp-json\/wp\/v2\/media?parent=6936"}],"wp:term":[{"taxonomy":"category","embeddable":true,"href":"https:\/\/nedir.az\/atalar-sozleri\/wp-json\/wp\/v2\/categories?post=6936"},{"taxonomy":"post_tag","embeddable":true,"href":"https:\/\/nedir.az\/atalar-sozleri\/wp-json\/wp\/v2\/tags?post=6936"}],"curies":[{"name":"wp","href":"https:\/\/api.w.org\/{rel}","templated":true}]}}