{"id":6931,"date":"2024-09-06T21:34:24","date_gmt":"2024-09-06T21:34:24","guid":{"rendered":""},"modified":"-0001-11-30T00:00:00","modified_gmt":"-0001-11-29T21:00:00","slug":"hecden-gelen-men-xeber-veren-sen","status":"publish","type":"post","link":"https:\/\/nedir.az\/atalar-sozleri\/hecden-gelen-men-xeber-veren-sen-atalar-sozunun-menasi-nedir","title":{"rendered":"H\u0259cd\u0259n G\u0259l\u0259n M\u0259n, X\u0259b\u0259r Ver\u0259n S\u0259n?"},"content":{"rendered":"<p>&#8220;h\u0259cd\u0259n g\u0259l\u0259n m\u0259n, x\u0259b\u0259r ver\u0259n s\u0259n?&#8221; atalar s\u00f6z\u00fcn\u00fcn m\u0259nas\u0131, bir insan\u0131n ba\u015f\u0131na g\u0259l\u0259n hadis\u0259l\u0259ri, ba\u015fqalar\u0131n\u0131n ona x\u0259b\u0259r verm\u0259si il\u0259 \u00f6yr\u0259nm\u0259si v\u0259 ya ba\u015fqalar\u0131n\u0131n ona olan t\u0259sirini ifad\u0259 edir. Bu atalar s\u00f6z\u00fc, insanlar\u0131n bir-birin\u0259 olan ba\u011fl\u0131l\u0131\u011f\u0131n\u0131, sosial \u0259laq\u0259l\u0259rini v\u0259 m\u0259lumat m\u00fcbadil\u0259sini vur\u011fulay\u0131r. H\u0259m\u00e7inin, bu ifad\u0259, bir insan\u0131n \u00f6z t\u0259cr\u00fcb\u0259l\u0259rini ba\u015fqalar\u0131na \u00e7atd\u0131rma\u011f\u0131n\u0131n v\u0259 ya ba\u015fqalar\u0131n\u0131n ona olan t\u0259sirinin \u0259h\u0259miyy\u0259tini g\u00f6st\u0259rir.<\/p>\n<p><b>Q\u0131sa M\u0259nas\u0131<\/b><br \/>Bu atalar s\u00f6z\u00fc, ba\u015fqalar\u0131n\u0131n m\u0259lumat verm\u0259sinin v\u0259 ya t\u0259sirinin insan\u0131n h\u0259yat\u0131nda n\u0259 q\u0259d\u0259r \u00f6n\u0259mli oldu\u011funu ifad\u0259 edir.<\/p>\n","protected":false},"excerpt":{"rendered":"<p>&#8220;h\u0259cd\u0259n g\u0259l\u0259n m\u0259n, x\u0259b\u0259r ver\u0259n s\u0259n?&#8221; atalar s\u00f6z\u00fcn\u00fcn m\u0259nas\u0131, bir insan\u0131n ba\u015f\u0131na g\u0259l\u0259n hadis\u0259l\u0259ri, ba\u015fqalar\u0131n\u0131n ona x\u0259b\u0259r verm\u0259si il\u0259 \u00f6yr\u0259nm\u0259si v\u0259 ya ba\u015fqalar\u0131n\u0131n ona olan t\u0259sirini ifad\u0259 edir. Bu atalar s\u00f6z\u00fc, insanlar\u0131n bir-birin\u0259 olan ba\u011fl\u0131l\u0131\u011f\u0131n\u0131, sosial \u0259laq\u0259l\u0259rini v\u0259 m\u0259lumat m\u00fcbadil\u0259sini vur\u011fulay\u0131r. H\u0259m\u00e7inin, bu ifad\u0259, bir insan\u0131n \u00f6z t\u0259cr\u00fcb\u0259l\u0259rini ba\u015fqalar\u0131na \u00e7atd\u0131rma\u011f\u0131n\u0131n v\u0259 ya ba\u015fqalar\u0131n\u0131n ona olan &#8230; <a title=\"H\u0259cd\u0259n G\u0259l\u0259n M\u0259n, X\u0259b\u0259r Ver\u0259n S\u0259n?\" class=\"read-more\" href=\"https:\/\/nedir.az\/atalar-sozleri\/hecden-gelen-men-xeber-veren-sen-atalar-sozunun-menasi-nedir\" aria-label=\"Read more about H\u0259cd\u0259n G\u0259l\u0259n M\u0259n, X\u0259b\u0259r Ver\u0259n S\u0259n?\">Read more<\/a><\/p>\n","protected":false},"author":2,"featured_media":0,"comment_status":"open","ping_status":"open","sticky":false,"template":"","format":"standard","meta":{"footnotes":""},"categories":[1],"tags":[],"class_list":["post-6931","post","type-post","status-publish","format-standard","hentry","category-atalar-sozleri-atalar-sozu"],"aioseo_notices":[],"_links":{"self":[{"href":"https:\/\/nedir.az\/atalar-sozleri\/wp-json\/wp\/v2\/posts\/6931","targetHints":{"allow":["GET"]}}],"collection":[{"href":"https:\/\/nedir.az\/atalar-sozleri\/wp-json\/wp\/v2\/posts"}],"about":[{"href":"https:\/\/nedir.az\/atalar-sozleri\/wp-json\/wp\/v2\/types\/post"}],"author":[{"embeddable":true,"href":"https:\/\/nedir.az\/atalar-sozleri\/wp-json\/wp\/v2\/users\/2"}],"replies":[{"embeddable":true,"href":"https:\/\/nedir.az\/atalar-sozleri\/wp-json\/wp\/v2\/comments?post=6931"}],"version-history":[{"count":0,"href":"https:\/\/nedir.az\/atalar-sozleri\/wp-json\/wp\/v2\/posts\/6931\/revisions"}],"wp:attachment":[{"href":"https:\/\/nedir.az\/atalar-sozleri\/wp-json\/wp\/v2\/media?parent=6931"}],"wp:term":[{"taxonomy":"category","embeddable":true,"href":"https:\/\/nedir.az\/atalar-sozleri\/wp-json\/wp\/v2\/categories?post=6931"},{"taxonomy":"post_tag","embeddable":true,"href":"https:\/\/nedir.az\/atalar-sozleri\/wp-json\/wp\/v2\/tags?post=6931"}],"curies":[{"name":"wp","href":"https:\/\/api.w.org\/{rel}","templated":true}]}}