{"id":6928,"date":"2024-09-06T21:34:24","date_gmt":"2024-09-06T21:34:24","guid":{"rendered":""},"modified":"-0001-11-30T00:00:00","modified_gmt":"-0001-11-29T21:00:00","slug":"heyvan-saxlasan-pisik-saxla-ozu-tutar-ozu-yeyer","status":"publish","type":"post","link":"https:\/\/nedir.az\/atalar-sozleri\/heyvan-saxlasan-pisik-saxla-ozu-tutar-ozu-yeyer-atalar-sozunun-menasi-nedir","title":{"rendered":"Heyvan Saxlasan Pi\u015fik Saxla, \u00d6z\u00fc Tutar, \u00d6z\u00fc Yey\u0259r"},"content":{"rendered":"<p>&#8220;heyvan saxlasan pi\u015fik saxla, \u00f6z\u00fc tutar, \u00f6z\u00fc yey\u0259r&#8221; atalar s\u00f6z\u00fc, pi\u015fiyin \u00f6z\u00fcn\u00fc t\u0259min ed\u0259 bil\u0259n bir heyvan oldu\u011funu vur\u011fulay\u0131r. Bu s\u00f6z, pi\u015fiyin \u00f6z qida ehtiyac\u0131n\u0131 qar\u015f\u0131lamaq \u00fc\u00e7\u00fcn ov ed\u0259 bil\u0259c\u0259yini, y\u0259ni sahibin\u0259 \u0259lav\u0259 y\u00fck olmadan \u00f6z\u00fcn\u00fc idar\u0259 ed\u0259 bil\u0259c\u0259yini ifad\u0259 edir. Eyni zamanda, bu atalar s\u00f6z\u00fc, insanlara da \u00f6z i\u015fl\u0259rini g\u00f6rm\u0259yi, m\u00fcst\u0259qil olma\u011f\u0131 v\u0259 ba\u015fqalar\u0131na as\u0131l\u0131 qalmama\u011f\u0131 t\u00f6vsiy\u0259 edir. Bel\u0259likl\u0259, bu ifad\u0259 m\u00fcst\u0259qillik v\u0259 \u00f6z\u00fcn\u0259 yet\u0259rlilik d\u0259y\u0259rl\u0259rini \u00f6n plana \u00e7\u0131xar\u0131r.<\/p>\n<p><b>Q\u0131sa M\u0259nas\u0131<\/b><br \/> Pi\u015fik, m\u00fcst\u0259qil bir heyvan olaraq \u00f6z\u00fcn\u00fc t\u0259min ed\u0259 bilir; bu, insanlara da m\u00fcst\u0259qil olma\u011f\u0131 t\u00f6vsiy\u0259 edir.<\/p>\n","protected":false},"excerpt":{"rendered":"<p>&#8220;heyvan saxlasan pi\u015fik saxla, \u00f6z\u00fc tutar, \u00f6z\u00fc yey\u0259r&#8221; atalar s\u00f6z\u00fc, pi\u015fiyin \u00f6z\u00fcn\u00fc t\u0259min ed\u0259 bil\u0259n bir heyvan oldu\u011funu vur\u011fulay\u0131r. Bu s\u00f6z, pi\u015fiyin \u00f6z qida ehtiyac\u0131n\u0131 qar\u015f\u0131lamaq \u00fc\u00e7\u00fcn ov ed\u0259 bil\u0259c\u0259yini, y\u0259ni sahibin\u0259 \u0259lav\u0259 y\u00fck olmadan \u00f6z\u00fcn\u00fc idar\u0259 ed\u0259 bil\u0259c\u0259yini ifad\u0259 edir. Eyni zamanda, bu atalar s\u00f6z\u00fc, insanlara da \u00f6z i\u015fl\u0259rini g\u00f6rm\u0259yi, m\u00fcst\u0259qil olma\u011f\u0131 v\u0259 ba\u015fqalar\u0131na &#8230; <a title=\"Heyvan Saxlasan Pi\u015fik Saxla, \u00d6z\u00fc Tutar, \u00d6z\u00fc Yey\u0259r\" class=\"read-more\" href=\"https:\/\/nedir.az\/atalar-sozleri\/heyvan-saxlasan-pisik-saxla-ozu-tutar-ozu-yeyer-atalar-sozunun-menasi-nedir\" aria-label=\"Read more about Heyvan Saxlasan Pi\u015fik Saxla, \u00d6z\u00fc Tutar, \u00d6z\u00fc Yey\u0259r\">Read more<\/a><\/p>\n","protected":false},"author":2,"featured_media":0,"comment_status":"open","ping_status":"open","sticky":false,"template":"","format":"standard","meta":{"footnotes":""},"categories":[1],"tags":[],"class_list":["post-6928","post","type-post","status-publish","format-standard","hentry","category-atalar-sozleri-atalar-sozu"],"aioseo_notices":[],"_links":{"self":[{"href":"https:\/\/nedir.az\/atalar-sozleri\/wp-json\/wp\/v2\/posts\/6928","targetHints":{"allow":["GET"]}}],"collection":[{"href":"https:\/\/nedir.az\/atalar-sozleri\/wp-json\/wp\/v2\/posts"}],"about":[{"href":"https:\/\/nedir.az\/atalar-sozleri\/wp-json\/wp\/v2\/types\/post"}],"author":[{"embeddable":true,"href":"https:\/\/nedir.az\/atalar-sozleri\/wp-json\/wp\/v2\/users\/2"}],"replies":[{"embeddable":true,"href":"https:\/\/nedir.az\/atalar-sozleri\/wp-json\/wp\/v2\/comments?post=6928"}],"version-history":[{"count":0,"href":"https:\/\/nedir.az\/atalar-sozleri\/wp-json\/wp\/v2\/posts\/6928\/revisions"}],"wp:attachment":[{"href":"https:\/\/nedir.az\/atalar-sozleri\/wp-json\/wp\/v2\/media?parent=6928"}],"wp:term":[{"taxonomy":"category","embeddable":true,"href":"https:\/\/nedir.az\/atalar-sozleri\/wp-json\/wp\/v2\/categories?post=6928"},{"taxonomy":"post_tag","embeddable":true,"href":"https:\/\/nedir.az\/atalar-sozleri\/wp-json\/wp\/v2\/tags?post=6928"}],"curies":[{"name":"wp","href":"https:\/\/api.w.org\/{rel}","templated":true}]}}