{"id":6925,"date":"2024-09-06T21:34:24","date_gmt":"2024-09-06T21:34:24","guid":{"rendered":""},"modified":"-0001-11-30T00:00:00","modified_gmt":"-0001-11-29T21:00:00","slug":"hesabi-temiz-olanin-uzu-ag-olar","status":"publish","type":"post","link":"https:\/\/nedir.az\/atalar-sozleri\/hesabi-temiz-olanin-uzu-ag-olar-atalar-sozunun-menasi-nedir","title":{"rendered":"Hesab\u0131 T\u0259miz Olan\u0131n \u00dcz\u00fc A\u011f Olar"},"content":{"rendered":"<p>&#8220;hesab\u0131 t\u0259miz olan\u0131n \u00fcz\u00fc a\u011f olar&#8221; atalar s\u00f6z\u00fcn\u00fcn m\u0259nas\u0131, insan\u0131n \u0259m\u0259ll\u0259rinin, davran\u0131\u015flar\u0131n\u0131n v\u0259 niyy\u0259tl\u0259rinin d\u00fczg\u00fcn, \u0259dal\u0259tli v\u0259 d\u00fcr\u00fcst olmas\u0131 hal\u0131nda, onun c\u0259miyy\u0259t i\u00e7ind\u0259 h\u00f6rm\u0259t v\u0259 etibar qazanaca\u011f\u0131n\u0131 ifad\u0259 edir. Bu atalar s\u00f6z\u00fc, insanlar\u0131n \u00f6z i\u015fl\u0259rini d\u00fczg\u00fcn aparmalar\u0131n\u0131n, yalan v\u0259 aldatmadan uzaq durmalar\u0131n\u0131n vacibliyini vur\u011fulay\u0131r. Hesab\u0131n t\u0259miz olmas\u0131, insan\u0131n vicdan\u0131n\u0131n rahat olmas\u0131 dem\u0259kdir v\u0259 bu da onun sosial statusunu y\u00fcks\u0259ldir. <\/p>\n<p><b>Q\u0131sa M\u0259nas\u0131<\/b><br \/> Hesab\u0131 d\u00fczg\u00fcn olan, c\u0259miyy\u0259td\u0259 h\u00f6rm\u0259t qazan\u0131r.<\/p>\n","protected":false},"excerpt":{"rendered":"<p>&#8220;hesab\u0131 t\u0259miz olan\u0131n \u00fcz\u00fc a\u011f olar&#8221; atalar s\u00f6z\u00fcn\u00fcn m\u0259nas\u0131, insan\u0131n \u0259m\u0259ll\u0259rinin, davran\u0131\u015flar\u0131n\u0131n v\u0259 niyy\u0259tl\u0259rinin d\u00fczg\u00fcn, \u0259dal\u0259tli v\u0259 d\u00fcr\u00fcst olmas\u0131 hal\u0131nda, onun c\u0259miyy\u0259t i\u00e7ind\u0259 h\u00f6rm\u0259t v\u0259 etibar qazanaca\u011f\u0131n\u0131 ifad\u0259 edir. Bu atalar s\u00f6z\u00fc, insanlar\u0131n \u00f6z i\u015fl\u0259rini d\u00fczg\u00fcn aparmalar\u0131n\u0131n, yalan v\u0259 aldatmadan uzaq durmalar\u0131n\u0131n vacibliyini vur\u011fulay\u0131r. Hesab\u0131n t\u0259miz olmas\u0131, insan\u0131n vicdan\u0131n\u0131n rahat olmas\u0131 dem\u0259kdir v\u0259 bu da &#8230; <a title=\"Hesab\u0131 T\u0259miz Olan\u0131n \u00dcz\u00fc A\u011f Olar\" class=\"read-more\" href=\"https:\/\/nedir.az\/atalar-sozleri\/hesabi-temiz-olanin-uzu-ag-olar-atalar-sozunun-menasi-nedir\" aria-label=\"Read more about Hesab\u0131 T\u0259miz Olan\u0131n \u00dcz\u00fc A\u011f Olar\">Read more<\/a><\/p>\n","protected":false},"author":2,"featured_media":0,"comment_status":"open","ping_status":"open","sticky":false,"template":"","format":"standard","meta":{"footnotes":""},"categories":[1],"tags":[],"class_list":["post-6925","post","type-post","status-publish","format-standard","hentry","category-atalar-sozleri-atalar-sozu"],"aioseo_notices":[],"_links":{"self":[{"href":"https:\/\/nedir.az\/atalar-sozleri\/wp-json\/wp\/v2\/posts\/6925","targetHints":{"allow":["GET"]}}],"collection":[{"href":"https:\/\/nedir.az\/atalar-sozleri\/wp-json\/wp\/v2\/posts"}],"about":[{"href":"https:\/\/nedir.az\/atalar-sozleri\/wp-json\/wp\/v2\/types\/post"}],"author":[{"embeddable":true,"href":"https:\/\/nedir.az\/atalar-sozleri\/wp-json\/wp\/v2\/users\/2"}],"replies":[{"embeddable":true,"href":"https:\/\/nedir.az\/atalar-sozleri\/wp-json\/wp\/v2\/comments?post=6925"}],"version-history":[{"count":0,"href":"https:\/\/nedir.az\/atalar-sozleri\/wp-json\/wp\/v2\/posts\/6925\/revisions"}],"wp:attachment":[{"href":"https:\/\/nedir.az\/atalar-sozleri\/wp-json\/wp\/v2\/media?parent=6925"}],"wp:term":[{"taxonomy":"category","embeddable":true,"href":"https:\/\/nedir.az\/atalar-sozleri\/wp-json\/wp\/v2\/categories?post=6925"},{"taxonomy":"post_tag","embeddable":true,"href":"https:\/\/nedir.az\/atalar-sozleri\/wp-json\/wp\/v2\/tags?post=6925"}],"curies":[{"name":"wp","href":"https:\/\/api.w.org\/{rel}","templated":true}]}}