{"id":6916,"date":"2024-09-06T21:34:24","date_gmt":"2024-09-06T21:34:24","guid":{"rendered":""},"modified":"-0001-11-30T00:00:00","modified_gmt":"-0001-11-29T21:00:00","slug":"hec-kes-yalqiz-qalmasin","status":"publish","type":"post","link":"https:\/\/nedir.az\/atalar-sozleri\/hec-kes-yalqiz-qalmasin-atalar-sozunun-menasi-nedir","title":{"rendered":"He\u00e7 K\u0259s Yalq\u0131z Qalmas\u0131n"},"content":{"rendered":"<p>&#8220;He\u00e7 k\u0259s yalq\u0131z qalmas\u0131n&#8221; atalar s\u00f6z\u00fc, insanlar\u0131n bir-birin\u0259 d\u0259st\u0259k olmas\u0131n\u0131n, birlikd\u0259 olmas\u0131n\u0131n vacibliyini vur\u011fulay\u0131r. Bu s\u00f6z, insan\u0131n t\u0259k ba\u015f\u0131na \u00e7\u0259tinlikl\u0259rl\u0259 m\u00fcbariz\u0259 aparmas\u0131n\u0131n n\u0259 q\u0259d\u0259r \u00e7\u0259tin oldu\u011funu, dostluq v\u0259 h\u0259mr\u0259ylik say\u0259sind\u0259 daha g\u00fccl\u00fc olundu\u011funu ifad\u0259 edir. H\u0259m\u00e7inin, sosial \u0259laq\u0259l\u0259rin \u0259h\u0259miyy\u0259tini, insan\u0131n c\u0259miyy\u0259t i\u00e7ind\u0259ki yerini v\u0259 ba\u015fqalar\u0131 il\u0259 olan m\u00fcnasib\u0259tl\u0259rinin d\u0259y\u0259rini \u00f6n\u0259 \u00e7\u0131xar\u0131r.<\/p>\n<p><b>Q\u0131sa M\u0259nas\u0131<\/b><br \/>Bu atalar s\u00f6z\u00fc, insanlar\u0131n bir-birin\u0259 d\u0259st\u0259k olmas\u0131n\u0131n v\u0259 birlikd\u0259 olmas\u0131n\u0131n vacibliyini vur\u011fulay\u0131r.<\/p>\n","protected":false},"excerpt":{"rendered":"<p>&#8220;He\u00e7 k\u0259s yalq\u0131z qalmas\u0131n&#8221; atalar s\u00f6z\u00fc, insanlar\u0131n bir-birin\u0259 d\u0259st\u0259k olmas\u0131n\u0131n, birlikd\u0259 olmas\u0131n\u0131n vacibliyini vur\u011fulay\u0131r. Bu s\u00f6z, insan\u0131n t\u0259k ba\u015f\u0131na \u00e7\u0259tinlikl\u0259rl\u0259 m\u00fcbariz\u0259 aparmas\u0131n\u0131n n\u0259 q\u0259d\u0259r \u00e7\u0259tin oldu\u011funu, dostluq v\u0259 h\u0259mr\u0259ylik say\u0259sind\u0259 daha g\u00fccl\u00fc olundu\u011funu ifad\u0259 edir. H\u0259m\u00e7inin, sosial \u0259laq\u0259l\u0259rin \u0259h\u0259miyy\u0259tini, insan\u0131n c\u0259miyy\u0259t i\u00e7ind\u0259ki yerini v\u0259 ba\u015fqalar\u0131 il\u0259 olan m\u00fcnasib\u0259tl\u0259rinin d\u0259y\u0259rini \u00f6n\u0259 \u00e7\u0131xar\u0131r. Q\u0131sa M\u0259nas\u0131Bu atalar s\u00f6z\u00fc, &#8230; <a title=\"He\u00e7 K\u0259s Yalq\u0131z Qalmas\u0131n\" class=\"read-more\" href=\"https:\/\/nedir.az\/atalar-sozleri\/hec-kes-yalqiz-qalmasin-atalar-sozunun-menasi-nedir\" aria-label=\"Read more about He\u00e7 K\u0259s Yalq\u0131z Qalmas\u0131n\">Read more<\/a><\/p>\n","protected":false},"author":2,"featured_media":0,"comment_status":"open","ping_status":"open","sticky":false,"template":"","format":"standard","meta":{"footnotes":""},"categories":[1],"tags":[],"class_list":["post-6916","post","type-post","status-publish","format-standard","hentry","category-atalar-sozleri-atalar-sozu"],"aioseo_notices":[],"_links":{"self":[{"href":"https:\/\/nedir.az\/atalar-sozleri\/wp-json\/wp\/v2\/posts\/6916","targetHints":{"allow":["GET"]}}],"collection":[{"href":"https:\/\/nedir.az\/atalar-sozleri\/wp-json\/wp\/v2\/posts"}],"about":[{"href":"https:\/\/nedir.az\/atalar-sozleri\/wp-json\/wp\/v2\/types\/post"}],"author":[{"embeddable":true,"href":"https:\/\/nedir.az\/atalar-sozleri\/wp-json\/wp\/v2\/users\/2"}],"replies":[{"embeddable":true,"href":"https:\/\/nedir.az\/atalar-sozleri\/wp-json\/wp\/v2\/comments?post=6916"}],"version-history":[{"count":0,"href":"https:\/\/nedir.az\/atalar-sozleri\/wp-json\/wp\/v2\/posts\/6916\/revisions"}],"wp:attachment":[{"href":"https:\/\/nedir.az\/atalar-sozleri\/wp-json\/wp\/v2\/media?parent=6916"}],"wp:term":[{"taxonomy":"category","embeddable":true,"href":"https:\/\/nedir.az\/atalar-sozleri\/wp-json\/wp\/v2\/categories?post=6916"},{"taxonomy":"post_tag","embeddable":true,"href":"https:\/\/nedir.az\/atalar-sozleri\/wp-json\/wp\/v2\/tags?post=6916"}],"curies":[{"name":"wp","href":"https:\/\/api.w.org\/{rel}","templated":true}]}}