{"id":6733,"date":"2024-09-06T21:34:22","date_gmt":"2024-09-06T21:34:22","guid":{"rendered":""},"modified":"-0001-11-30T00:00:00","modified_gmt":"-0001-11-29T21:00:00","slug":"gorunen-dag-uzaq-deyil","status":"publish","type":"post","link":"https:\/\/nedir.az\/atalar-sozleri\/gorunen-dag-uzaq-deyil-atalar-sozunun-menasi-nedir","title":{"rendered":"G\u00f6r\u00fcn\u0259n Da\u011f Uzaq Deyil"},"content":{"rendered":"<p>&#8220;g\u00f6r\u00fcn\u0259n da\u011f uzaq deyil&#8221; atalar s\u00f6z\u00fcn\u00fcn m\u0259nas\u0131, bir \u015feyin g\u00f6r\u00fcn\u00fc\u015f\u00fc il\u0259 ger\u00e7\u0259k v\u0259ziyy\u0259ti aras\u0131nda b\u00f6y\u00fck f\u0259rql\u0259rin olmad\u0131\u011f\u0131n\u0131, y\u0259ni bir \u015feyin h\u0259qiq\u0259t\u0259n d\u0259 asanl\u0131qla \u0259ld\u0259 edil\u0259 bil\u0259c\u0259yini ifad\u0259 edir. Bu atalar s\u00f6z\u00fc, b\u0259z\u0259n insanlar \u00fc\u00e7\u00fcn \u00e7\u0259tin g\u00f6r\u00fcn\u0259n bir i\u015fin \u0259slind\u0259 o q\u0259d\u0259r d\u0259 \u00e7\u0259tin olmad\u0131\u011f\u0131n\u0131, sad\u0259c\u0259 do\u011fru yana\u015fma v\u0259 c\u0259sar\u0259t t\u0259l\u0259b etdiyini vur\u011fulay\u0131r. H\u0259m\u00e7inin, bu ifad\u0259, insanlara \u00fcmid verm\u0259k v\u0259 onlar\u0131 t\u0259\u015fviq etm\u0259k m\u0259qs\u0259dini g\u00fcd\u00fcr.<\/p>\n<p><b>Q\u0131sa M\u0259nas\u0131<\/b><br \/> G\u00f6r\u00fcn\u0259n bir \u015feyin ger\u00e7\u0259kd\u0259 d\u0259 yax\u0131n v\u0259 \u0259l\u00e7atan oldu\u011funu bildirir.<\/p>\n","protected":false},"excerpt":{"rendered":"<p>&#8220;g\u00f6r\u00fcn\u0259n da\u011f uzaq deyil&#8221; atalar s\u00f6z\u00fcn\u00fcn m\u0259nas\u0131, bir \u015feyin g\u00f6r\u00fcn\u00fc\u015f\u00fc il\u0259 ger\u00e7\u0259k v\u0259ziyy\u0259ti aras\u0131nda b\u00f6y\u00fck f\u0259rql\u0259rin olmad\u0131\u011f\u0131n\u0131, y\u0259ni bir \u015feyin h\u0259qiq\u0259t\u0259n d\u0259 asanl\u0131qla \u0259ld\u0259 edil\u0259 bil\u0259c\u0259yini ifad\u0259 edir. Bu atalar s\u00f6z\u00fc, b\u0259z\u0259n insanlar \u00fc\u00e7\u00fcn \u00e7\u0259tin g\u00f6r\u00fcn\u0259n bir i\u015fin \u0259slind\u0259 o q\u0259d\u0259r d\u0259 \u00e7\u0259tin olmad\u0131\u011f\u0131n\u0131, sad\u0259c\u0259 do\u011fru yana\u015fma v\u0259 c\u0259sar\u0259t t\u0259l\u0259b etdiyini vur\u011fulay\u0131r. H\u0259m\u00e7inin, bu ifad\u0259, &#8230; <a title=\"G\u00f6r\u00fcn\u0259n Da\u011f Uzaq Deyil\" class=\"read-more\" href=\"https:\/\/nedir.az\/atalar-sozleri\/gorunen-dag-uzaq-deyil-atalar-sozunun-menasi-nedir\" aria-label=\"Read more about G\u00f6r\u00fcn\u0259n Da\u011f Uzaq Deyil\">Read more<\/a><\/p>\n","protected":false},"author":2,"featured_media":0,"comment_status":"open","ping_status":"open","sticky":false,"template":"","format":"standard","meta":{"footnotes":""},"categories":[1],"tags":[],"class_list":["post-6733","post","type-post","status-publish","format-standard","hentry","category-atalar-sozleri-atalar-sozu"],"aioseo_notices":[],"_links":{"self":[{"href":"https:\/\/nedir.az\/atalar-sozleri\/wp-json\/wp\/v2\/posts\/6733","targetHints":{"allow":["GET"]}}],"collection":[{"href":"https:\/\/nedir.az\/atalar-sozleri\/wp-json\/wp\/v2\/posts"}],"about":[{"href":"https:\/\/nedir.az\/atalar-sozleri\/wp-json\/wp\/v2\/types\/post"}],"author":[{"embeddable":true,"href":"https:\/\/nedir.az\/atalar-sozleri\/wp-json\/wp\/v2\/users\/2"}],"replies":[{"embeddable":true,"href":"https:\/\/nedir.az\/atalar-sozleri\/wp-json\/wp\/v2\/comments?post=6733"}],"version-history":[{"count":0,"href":"https:\/\/nedir.az\/atalar-sozleri\/wp-json\/wp\/v2\/posts\/6733\/revisions"}],"wp:attachment":[{"href":"https:\/\/nedir.az\/atalar-sozleri\/wp-json\/wp\/v2\/media?parent=6733"}],"wp:term":[{"taxonomy":"category","embeddable":true,"href":"https:\/\/nedir.az\/atalar-sozleri\/wp-json\/wp\/v2\/categories?post=6733"},{"taxonomy":"post_tag","embeddable":true,"href":"https:\/\/nedir.az\/atalar-sozleri\/wp-json\/wp\/v2\/tags?post=6733"}],"curies":[{"name":"wp","href":"https:\/\/api.w.org\/{rel}","templated":true}]}}