{"id":6731,"date":"2024-09-06T21:34:22","date_gmt":"2024-09-06T21:34:22","guid":{"rendered":""},"modified":"-0001-11-30T00:00:00","modified_gmt":"-0001-11-29T21:00:00","slug":"gorsenen-dag-beledcini-neyleyir","status":"publish","type":"post","link":"https:\/\/nedir.az\/atalar-sozleri\/gorsenen-dag-beledcini-neyleyir-atalar-sozunun-menasi-nedir","title":{"rendered":"G\u00f6rs\u0259n\u0259n Da\u011f B\u0259l\u0259d\u00e7ini Neyl\u0259yir?"},"content":{"rendered":"<p>&#8220;g\u00f6rs\u0259n\u0259n da\u011f b\u0259l\u0259d\u00e7ini neyl\u0259yir?&#8221; atalar s\u00f6z\u00fcn\u00fcn m\u0259nas\u0131, bir \u015feyin g\u00f6r\u00fcn\u00fc\u015f\u00fcn\u00fcn, onun ger\u00e7\u0259k mahiyy\u0259tini tam olaraq \u0259ks etdirm\u0259diyini ifad\u0259 edir. Bu atalar s\u00f6z\u00fc, insanlar\u0131n bir \u015feyi yaln\u0131z xarici g\u00f6r\u00fcn\u00fc\u015f\u00fc il\u0259 qiym\u0259tl\u0259ndirm\u0259l\u0259rinin yanl\u0131\u015f oldu\u011funu vur\u011fulay\u0131r. H\u0259m\u00e7inin, bir i\u015fin v\u0259 ya \u015f\u0259xsin d\u0259y\u0259rini, yaln\u0131z g\u00f6r\u00fcn\u00fc\u015f\u0259 g\u00f6r\u0259 deyil, daha d\u0259rind\u0259n analiz ed\u0259r\u0259k qiym\u0259tl\u0259ndirm\u0259k laz\u0131m oldu\u011funu bildirir. Bu, insanlara daha diqq\u0259tli v\u0259 d\u00fc\u015f\u00fcnc\u0259li olma\u011f\u0131 t\u00f6vsiy\u0259 edir.<\/p>\n<p><b>Q\u0131sa M\u0259nas\u0131<\/b><br \/>G\u00f6r\u00fcn\u00fc\u015f\u00fcn aldan\u0131c\u0131 ola bil\u0259c\u0259yini, bir \u015feyin ger\u00e7\u0259k d\u0259y\u0259rinin yaln\u0131z g\u00f6r\u00fcn\u00fc\u015f\u0259 \u0259saslanmamas\u0131 g\u0259r\u0259kdiyini bildirir.<\/p>\n","protected":false},"excerpt":{"rendered":"<p>&#8220;g\u00f6rs\u0259n\u0259n da\u011f b\u0259l\u0259d\u00e7ini neyl\u0259yir?&#8221; atalar s\u00f6z\u00fcn\u00fcn m\u0259nas\u0131, bir \u015feyin g\u00f6r\u00fcn\u00fc\u015f\u00fcn\u00fcn, onun ger\u00e7\u0259k mahiyy\u0259tini tam olaraq \u0259ks etdirm\u0259diyini ifad\u0259 edir. Bu atalar s\u00f6z\u00fc, insanlar\u0131n bir \u015feyi yaln\u0131z xarici g\u00f6r\u00fcn\u00fc\u015f\u00fc il\u0259 qiym\u0259tl\u0259ndirm\u0259l\u0259rinin yanl\u0131\u015f oldu\u011funu vur\u011fulay\u0131r. H\u0259m\u00e7inin, bir i\u015fin v\u0259 ya \u015f\u0259xsin d\u0259y\u0259rini, yaln\u0131z g\u00f6r\u00fcn\u00fc\u015f\u0259 g\u00f6r\u0259 deyil, daha d\u0259rind\u0259n analiz ed\u0259r\u0259k qiym\u0259tl\u0259ndirm\u0259k laz\u0131m oldu\u011funu bildirir. Bu, insanlara daha &#8230; <a title=\"G\u00f6rs\u0259n\u0259n Da\u011f B\u0259l\u0259d\u00e7ini Neyl\u0259yir?\" class=\"read-more\" href=\"https:\/\/nedir.az\/atalar-sozleri\/gorsenen-dag-beledcini-neyleyir-atalar-sozunun-menasi-nedir\" aria-label=\"Read more about G\u00f6rs\u0259n\u0259n Da\u011f B\u0259l\u0259d\u00e7ini Neyl\u0259yir?\">Read more<\/a><\/p>\n","protected":false},"author":2,"featured_media":0,"comment_status":"open","ping_status":"open","sticky":false,"template":"","format":"standard","meta":{"footnotes":""},"categories":[1],"tags":[],"class_list":["post-6731","post","type-post","status-publish","format-standard","hentry","category-atalar-sozleri-atalar-sozu"],"aioseo_notices":[],"_links":{"self":[{"href":"https:\/\/nedir.az\/atalar-sozleri\/wp-json\/wp\/v2\/posts\/6731","targetHints":{"allow":["GET"]}}],"collection":[{"href":"https:\/\/nedir.az\/atalar-sozleri\/wp-json\/wp\/v2\/posts"}],"about":[{"href":"https:\/\/nedir.az\/atalar-sozleri\/wp-json\/wp\/v2\/types\/post"}],"author":[{"embeddable":true,"href":"https:\/\/nedir.az\/atalar-sozleri\/wp-json\/wp\/v2\/users\/2"}],"replies":[{"embeddable":true,"href":"https:\/\/nedir.az\/atalar-sozleri\/wp-json\/wp\/v2\/comments?post=6731"}],"version-history":[{"count":0,"href":"https:\/\/nedir.az\/atalar-sozleri\/wp-json\/wp\/v2\/posts\/6731\/revisions"}],"wp:attachment":[{"href":"https:\/\/nedir.az\/atalar-sozleri\/wp-json\/wp\/v2\/media?parent=6731"}],"wp:term":[{"taxonomy":"category","embeddable":true,"href":"https:\/\/nedir.az\/atalar-sozleri\/wp-json\/wp\/v2\/categories?post=6731"},{"taxonomy":"post_tag","embeddable":true,"href":"https:\/\/nedir.az\/atalar-sozleri\/wp-json\/wp\/v2\/tags?post=6731"}],"curies":[{"name":"wp","href":"https:\/\/api.w.org\/{rel}","templated":true}]}}