{"id":6730,"date":"2024-09-06T21:34:22","date_gmt":"2024-09-06T21:34:22","guid":{"rendered":""},"modified":"-0001-11-30T00:00:00","modified_gmt":"-0001-11-29T21:00:00","slug":"gormeye-gozu-var-esitmeye-qulagi","status":"publish","type":"post","link":"https:\/\/nedir.az\/atalar-sozleri\/gormeye-gozu-var-esitmeye-qulagi-atalar-sozunun-menasi-nedir","title":{"rendered":"G\u00f6rm\u0259y\u0259 G\u00f6z\u00fc Var, E\u015fitm\u0259y\u0259 Qula\u011f\u0131"},"content":{"rendered":"<p>\u201cg\u00f6rm\u0259y\u0259 g\u00f6z\u00fc var, e\u015fitm\u0259y\u0259 qula\u011f\u0131\u201d atalar s\u00f6z\u00fc, insanlar\u0131n bir \u015feyi anlamaq v\u0259 ya d\u0259rk etm\u0259k \u00fc\u00e7\u00fcn yaln\u0131z g\u00f6rm\u0259 v\u0259 e\u015fitm\u0259 qabiliyy\u0259tinin kifay\u0259t etm\u0259diyini, b\u0259z\u0259n daha d\u0259rind\u0259n d\u00fc\u015f\u00fcnm\u0259k, analiz etm\u0259k v\u0259 ya hiss etm\u0259k laz\u0131m oldu\u011funu vur\u011fulay\u0131r. Bu s\u00f6z, insan\u0131n yaln\u0131z s\u0259thi m\u0259lumatlarla kifay\u0259tl\u0259nm\u0259m\u0259si, daha geni\u015f bir perspektivl\u0259 hadis\u0259l\u0259r\u0259 yana\u015fmas\u0131 g\u0259r\u0259kdiyini ifad\u0259 edir. H\u0259m\u00e7inin, bu atalar s\u00f6z\u00fc, insan\u0131n \u00f6z duy\u011fular\u0131n\u0131, d\u00fc\u015f\u00fcnc\u0259l\u0259rini v\u0259 t\u0259cr\u00fcb\u0259l\u0259rini d\u0259 n\u0259z\u0259r\u0259 alaraq daha dol\u011fun bir anlay\u0131\u015fa sahib olmas\u0131n\u0131n vacibliyini bildirir.<\/p>\n<p><b>Q\u0131sa M\u0259nas\u0131<\/b><br \/> \u0130nsanlar\u0131n yaln\u0131z g\u00f6rm\u0259 v\u0259 e\u015fitm\u0259 il\u0259 kifay\u0259tl\u0259nm\u0259m\u0259si, daha d\u0259rind\u0259n d\u00fc\u015f\u00fcnm\u0259l\u0259rinin vacibliyini vur\u011fulay\u0131r.<\/p>\n","protected":false},"excerpt":{"rendered":"<p>\u201cg\u00f6rm\u0259y\u0259 g\u00f6z\u00fc var, e\u015fitm\u0259y\u0259 qula\u011f\u0131\u201d atalar s\u00f6z\u00fc, insanlar\u0131n bir \u015feyi anlamaq v\u0259 ya d\u0259rk etm\u0259k \u00fc\u00e7\u00fcn yaln\u0131z g\u00f6rm\u0259 v\u0259 e\u015fitm\u0259 qabiliyy\u0259tinin kifay\u0259t etm\u0259diyini, b\u0259z\u0259n daha d\u0259rind\u0259n d\u00fc\u015f\u00fcnm\u0259k, analiz etm\u0259k v\u0259 ya hiss etm\u0259k laz\u0131m oldu\u011funu vur\u011fulay\u0131r. Bu s\u00f6z, insan\u0131n yaln\u0131z s\u0259thi m\u0259lumatlarla kifay\u0259tl\u0259nm\u0259m\u0259si, daha geni\u015f bir perspektivl\u0259 hadis\u0259l\u0259r\u0259 yana\u015fmas\u0131 g\u0259r\u0259kdiyini ifad\u0259 edir. H\u0259m\u00e7inin, bu atalar &#8230; <a title=\"G\u00f6rm\u0259y\u0259 G\u00f6z\u00fc Var, E\u015fitm\u0259y\u0259 Qula\u011f\u0131\" class=\"read-more\" href=\"https:\/\/nedir.az\/atalar-sozleri\/gormeye-gozu-var-esitmeye-qulagi-atalar-sozunun-menasi-nedir\" aria-label=\"Read more about G\u00f6rm\u0259y\u0259 G\u00f6z\u00fc Var, E\u015fitm\u0259y\u0259 Qula\u011f\u0131\">Read more<\/a><\/p>\n","protected":false},"author":2,"featured_media":0,"comment_status":"open","ping_status":"open","sticky":false,"template":"","format":"standard","meta":{"footnotes":""},"categories":[1],"tags":[],"class_list":["post-6730","post","type-post","status-publish","format-standard","hentry","category-atalar-sozleri-atalar-sozu"],"aioseo_notices":[],"_links":{"self":[{"href":"https:\/\/nedir.az\/atalar-sozleri\/wp-json\/wp\/v2\/posts\/6730","targetHints":{"allow":["GET"]}}],"collection":[{"href":"https:\/\/nedir.az\/atalar-sozleri\/wp-json\/wp\/v2\/posts"}],"about":[{"href":"https:\/\/nedir.az\/atalar-sozleri\/wp-json\/wp\/v2\/types\/post"}],"author":[{"embeddable":true,"href":"https:\/\/nedir.az\/atalar-sozleri\/wp-json\/wp\/v2\/users\/2"}],"replies":[{"embeddable":true,"href":"https:\/\/nedir.az\/atalar-sozleri\/wp-json\/wp\/v2\/comments?post=6730"}],"version-history":[{"count":0,"href":"https:\/\/nedir.az\/atalar-sozleri\/wp-json\/wp\/v2\/posts\/6730\/revisions"}],"wp:attachment":[{"href":"https:\/\/nedir.az\/atalar-sozleri\/wp-json\/wp\/v2\/media?parent=6730"}],"wp:term":[{"taxonomy":"category","embeddable":true,"href":"https:\/\/nedir.az\/atalar-sozleri\/wp-json\/wp\/v2\/categories?post=6730"},{"taxonomy":"post_tag","embeddable":true,"href":"https:\/\/nedir.az\/atalar-sozleri\/wp-json\/wp\/v2\/tags?post=6730"}],"curies":[{"name":"wp","href":"https:\/\/api.w.org\/{rel}","templated":true}]}}