{"id":6729,"date":"2024-09-06T21:34:22","date_gmt":"2024-09-06T21:34:22","guid":{"rendered":""},"modified":"-0001-11-30T00:00:00","modified_gmt":"-0001-11-29T21:00:00","slug":"gormemisin-oglu-oldu-vurdu-gozun-cixartdi","status":"publish","type":"post","link":"https:\/\/nedir.az\/atalar-sozleri\/gormemisin-oglu-oldu-vurdu-gozun-cixartdi-atalar-sozunun-menasi-nedir","title":{"rendered":"G\u00f6rm\u0259mi\u015fin O\u011flu Oldu, Vurdu G\u00f6z\u00fcn \u00c7\u0131xartd\u0131"},"content":{"rendered":"<p>&#8220;g\u00f6rm\u0259mi\u015fin o\u011flu oldu, vurdu g\u00f6z\u00fcn \u00e7\u0131xartd\u0131&#8221; atalar s\u00f6z\u00fc, bir insan\u0131n ba\u015fqalar\u0131n\u0131n t\u0259cr\u00fcb\u0259l\u0259rind\u0259n, bilikl\u0259rind\u0259n faydalanmadan, \u00f6z s\u0259hvl\u0259ri il\u0259 \u00f6yr\u0259nm\u0259y\u0259 \u00e7al\u0131\u015fmas\u0131n\u0131n n\u0259tic\u0259sind\u0259 ba\u015f\u0131na g\u0259l\u0259n \u00e7\u0259tinlikl\u0259ri ifad\u0259 edir. Bu s\u00f6z, b\u0259z\u0259n insan\u0131n \u00f6z\u00fcn\u00fc s\u00fcbut etm\u0259y\u0259 \u00e7al\u0131\u015fark\u0259n, ba\u015fqalar\u0131n\u0131n t\u0259cr\u00fcb\u0259l\u0259rini n\u0259z\u0259r\u0259 almadan, yanl\u0131\u015f q\u0259rarlar verm\u0259si n\u0259tic\u0259sind\u0259 ortaya \u00e7\u0131xan f\u0259lak\u0259tl\u0259ri vur\u011fulay\u0131r. Bel\u0259likl\u0259, bu atalar s\u00f6z\u00fc, t\u0259cr\u00fcb\u0259sizliyin v\u0259 d\u00fc\u015f\u00fcnc\u0259siz davran\u0131\u015f\u0131n g\u0259tirdiyi \u00e7\u0259tinlikl\u0259ri g\u00f6st\u0259rir.<\/p>\n<p><b>Q\u0131sa M\u0259nas\u0131<\/b><br \/>Bu atalar s\u00f6z\u00fc, t\u0259cr\u00fcb\u0259sizlik v\u0259 d\u00fc\u015f\u00fcnc\u0259sizlik n\u0259tic\u0259sind\u0259 ba\u015f ver\u0259n \u00e7\u0259tinlikl\u0259ri ifad\u0259 edir.<\/p>\n","protected":false},"excerpt":{"rendered":"<p>&#8220;g\u00f6rm\u0259mi\u015fin o\u011flu oldu, vurdu g\u00f6z\u00fcn \u00e7\u0131xartd\u0131&#8221; atalar s\u00f6z\u00fc, bir insan\u0131n ba\u015fqalar\u0131n\u0131n t\u0259cr\u00fcb\u0259l\u0259rind\u0259n, bilikl\u0259rind\u0259n faydalanmadan, \u00f6z s\u0259hvl\u0259ri il\u0259 \u00f6yr\u0259nm\u0259y\u0259 \u00e7al\u0131\u015fmas\u0131n\u0131n n\u0259tic\u0259sind\u0259 ba\u015f\u0131na g\u0259l\u0259n \u00e7\u0259tinlikl\u0259ri ifad\u0259 edir. Bu s\u00f6z, b\u0259z\u0259n insan\u0131n \u00f6z\u00fcn\u00fc s\u00fcbut etm\u0259y\u0259 \u00e7al\u0131\u015fark\u0259n, ba\u015fqalar\u0131n\u0131n t\u0259cr\u00fcb\u0259l\u0259rini n\u0259z\u0259r\u0259 almadan, yanl\u0131\u015f q\u0259rarlar verm\u0259si n\u0259tic\u0259sind\u0259 ortaya \u00e7\u0131xan f\u0259lak\u0259tl\u0259ri vur\u011fulay\u0131r. Bel\u0259likl\u0259, bu atalar s\u00f6z\u00fc, t\u0259cr\u00fcb\u0259sizliyin v\u0259 d\u00fc\u015f\u00fcnc\u0259siz davran\u0131\u015f\u0131n g\u0259tirdiyi \u00e7\u0259tinlikl\u0259ri &#8230; <a title=\"G\u00f6rm\u0259mi\u015fin O\u011flu Oldu, Vurdu G\u00f6z\u00fcn \u00c7\u0131xartd\u0131\" class=\"read-more\" href=\"https:\/\/nedir.az\/atalar-sozleri\/gormemisin-oglu-oldu-vurdu-gozun-cixartdi-atalar-sozunun-menasi-nedir\" aria-label=\"Read more about G\u00f6rm\u0259mi\u015fin O\u011flu Oldu, Vurdu G\u00f6z\u00fcn \u00c7\u0131xartd\u0131\">Read more<\/a><\/p>\n","protected":false},"author":2,"featured_media":0,"comment_status":"open","ping_status":"open","sticky":false,"template":"","format":"standard","meta":{"footnotes":""},"categories":[1],"tags":[],"class_list":["post-6729","post","type-post","status-publish","format-standard","hentry","category-atalar-sozleri-atalar-sozu"],"aioseo_notices":[],"_links":{"self":[{"href":"https:\/\/nedir.az\/atalar-sozleri\/wp-json\/wp\/v2\/posts\/6729","targetHints":{"allow":["GET"]}}],"collection":[{"href":"https:\/\/nedir.az\/atalar-sozleri\/wp-json\/wp\/v2\/posts"}],"about":[{"href":"https:\/\/nedir.az\/atalar-sozleri\/wp-json\/wp\/v2\/types\/post"}],"author":[{"embeddable":true,"href":"https:\/\/nedir.az\/atalar-sozleri\/wp-json\/wp\/v2\/users\/2"}],"replies":[{"embeddable":true,"href":"https:\/\/nedir.az\/atalar-sozleri\/wp-json\/wp\/v2\/comments?post=6729"}],"version-history":[{"count":0,"href":"https:\/\/nedir.az\/atalar-sozleri\/wp-json\/wp\/v2\/posts\/6729\/revisions"}],"wp:attachment":[{"href":"https:\/\/nedir.az\/atalar-sozleri\/wp-json\/wp\/v2\/media?parent=6729"}],"wp:term":[{"taxonomy":"category","embeddable":true,"href":"https:\/\/nedir.az\/atalar-sozleri\/wp-json\/wp\/v2\/categories?post=6729"},{"taxonomy":"post_tag","embeddable":true,"href":"https:\/\/nedir.az\/atalar-sozleri\/wp-json\/wp\/v2\/tags?post=6729"}],"curies":[{"name":"wp","href":"https:\/\/api.w.org\/{rel}","templated":true}]}}