{"id":6711,"date":"2024-09-06T21:34:22","date_gmt":"2024-09-06T21:34:22","guid":{"rendered":""},"modified":"-0001-11-30T00:00:00","modified_gmt":"-0001-11-29T21:00:00","slug":"girirem-yaylagindan-cixiram-qislagindan","status":"publish","type":"post","link":"https:\/\/nedir.az\/atalar-sozleri\/girirem-yaylagindan-cixiram-qislagindan-atalar-sozunun-menasi-nedir","title":{"rendered":"Girir\u0259m Yayla\u011f\u0131ndan, \u00c7\u0131x\u0131ram Q\u0131\u015fla\u011f\u0131ndan"},"content":{"rendered":"<p>&#8220;girir\u0259m yayla\u011f\u0131ndan, \u00e7\u0131x\u0131ram q\u0131\u015fla\u011f\u0131ndan&#8221; atalar s\u00f6z\u00fc, insan\u0131n h\u0259yat\u0131nda m\u00fcxt\u0259lif d\u00f6vrl\u0259rin, m\u00f6vs\u00fcml\u0259rin v\u0259 ya v\u0259ziyy\u0259tl\u0259rin oldu\u011funu, bu d\u00f6vrl\u0259rin bir-birini \u0259v\u0259z etdiyini ifad\u0259 edir. Bu s\u00f6z, insanlar\u0131n h\u0259yat\u0131nda ba\u015f ver\u0259n d\u0259yi\u015fiklikl\u0259rin, ke\u00e7idl\u0259rin v\u0259 t\u0259cr\u00fcb\u0259l\u0259rin vacibliyini vur\u011fulay\u0131r. H\u0259m\u00e7inin, bu atalar s\u00f6z\u00fc, insan\u0131n h\u0259yat\u0131nda ba\u015f ver\u0259n hadis\u0259l\u0259rin, t\u0259cr\u00fcb\u0259l\u0259rin v\u0259 d\u00f6vrl\u0259rin bir-birini tamamlad\u0131\u011f\u0131n\u0131, h\u0259r birinin \u00f6z\u00fcn\u0259m\u0259xsus bir yeri oldu\u011funu g\u00f6st\u0259rir.<\/p>\n<p><b>Q\u0131sa M\u0259nas\u0131<\/b><br \/>H\u0259yat\u0131n m\u00fcxt\u0259lif d\u00f6vrl\u0259ri v\u0259 d\u0259yi\u015fiklikl\u0259ri aras\u0131ndak\u0131 \u0259laq\u0259ni ifad\u0259 edir.<\/p>\n","protected":false},"excerpt":{"rendered":"<p>&#8220;girir\u0259m yayla\u011f\u0131ndan, \u00e7\u0131x\u0131ram q\u0131\u015fla\u011f\u0131ndan&#8221; atalar s\u00f6z\u00fc, insan\u0131n h\u0259yat\u0131nda m\u00fcxt\u0259lif d\u00f6vrl\u0259rin, m\u00f6vs\u00fcml\u0259rin v\u0259 ya v\u0259ziyy\u0259tl\u0259rin oldu\u011funu, bu d\u00f6vrl\u0259rin bir-birini \u0259v\u0259z etdiyini ifad\u0259 edir. Bu s\u00f6z, insanlar\u0131n h\u0259yat\u0131nda ba\u015f ver\u0259n d\u0259yi\u015fiklikl\u0259rin, ke\u00e7idl\u0259rin v\u0259 t\u0259cr\u00fcb\u0259l\u0259rin vacibliyini vur\u011fulay\u0131r. H\u0259m\u00e7inin, bu atalar s\u00f6z\u00fc, insan\u0131n h\u0259yat\u0131nda ba\u015f ver\u0259n hadis\u0259l\u0259rin, t\u0259cr\u00fcb\u0259l\u0259rin v\u0259 d\u00f6vrl\u0259rin bir-birini tamamlad\u0131\u011f\u0131n\u0131, h\u0259r birinin \u00f6z\u00fcn\u0259m\u0259xsus bir yeri oldu\u011funu g\u00f6st\u0259rir. &#8230; <a title=\"Girir\u0259m Yayla\u011f\u0131ndan, \u00c7\u0131x\u0131ram Q\u0131\u015fla\u011f\u0131ndan\" class=\"read-more\" href=\"https:\/\/nedir.az\/atalar-sozleri\/girirem-yaylagindan-cixiram-qislagindan-atalar-sozunun-menasi-nedir\" aria-label=\"Read more about Girir\u0259m Yayla\u011f\u0131ndan, \u00c7\u0131x\u0131ram Q\u0131\u015fla\u011f\u0131ndan\">Read more<\/a><\/p>\n","protected":false},"author":2,"featured_media":0,"comment_status":"open","ping_status":"open","sticky":false,"template":"","format":"standard","meta":{"footnotes":""},"categories":[1],"tags":[],"class_list":["post-6711","post","type-post","status-publish","format-standard","hentry","category-atalar-sozleri-atalar-sozu"],"aioseo_notices":[],"_links":{"self":[{"href":"https:\/\/nedir.az\/atalar-sozleri\/wp-json\/wp\/v2\/posts\/6711","targetHints":{"allow":["GET"]}}],"collection":[{"href":"https:\/\/nedir.az\/atalar-sozleri\/wp-json\/wp\/v2\/posts"}],"about":[{"href":"https:\/\/nedir.az\/atalar-sozleri\/wp-json\/wp\/v2\/types\/post"}],"author":[{"embeddable":true,"href":"https:\/\/nedir.az\/atalar-sozleri\/wp-json\/wp\/v2\/users\/2"}],"replies":[{"embeddable":true,"href":"https:\/\/nedir.az\/atalar-sozleri\/wp-json\/wp\/v2\/comments?post=6711"}],"version-history":[{"count":0,"href":"https:\/\/nedir.az\/atalar-sozleri\/wp-json\/wp\/v2\/posts\/6711\/revisions"}],"wp:attachment":[{"href":"https:\/\/nedir.az\/atalar-sozleri\/wp-json\/wp\/v2\/media?parent=6711"}],"wp:term":[{"taxonomy":"category","embeddable":true,"href":"https:\/\/nedir.az\/atalar-sozleri\/wp-json\/wp\/v2\/categories?post=6711"},{"taxonomy":"post_tag","embeddable":true,"href":"https:\/\/nedir.az\/atalar-sozleri\/wp-json\/wp\/v2\/tags?post=6711"}],"curies":[{"name":"wp","href":"https:\/\/api.w.org\/{rel}","templated":true}]}}