{"id":6705,"date":"2024-09-06T21:34:22","date_gmt":"2024-09-06T21:34:22","guid":{"rendered":""},"modified":"-0001-11-30T00:00:00","modified_gmt":"-0001-11-29T21:00:00","slug":"gezer-divani-divane-parasi-olmayan-dervis","status":"publish","type":"post","link":"https:\/\/nedir.az\/atalar-sozleri\/gezer-divani-divane-parasi-olmayan-dervis-atalar-sozunun-menasi-nedir","title":{"rendered":"G\u0259z\u0259r Divan\u0131-divan\u0259, Paras\u0131 Olmayan D\u0259rvi\u015f"},"content":{"rendered":"<p>&#8220;g\u0259z\u0259r divan\u0131-divan\u0259, paras\u0131 olmayan d\u0259rvi\u015f&#8221; atalar s\u00f6z\u00fc, insanlar\u0131n maddi imkanlar\u0131 olmayan, lakin ruh\u0259n v\u0259 m\u0259n\u0259n azad olan \u015f\u0259xsl\u0259ri t\u0259svir edir. Bu atalar s\u00f6z\u00fc, b\u0259z\u0259n maddi s\u0259rv\u0259t\u0259 sahib olmama\u011f\u0131n, insan\u0131n ruhunu azad etm\u0259si v\u0259 h\u0259yat\u0131n m\u0259nas\u0131n\u0131 tapmas\u0131 \u00fc\u00e7\u00fcn bir mane\u0259 olmad\u0131\u011f\u0131n\u0131 vur\u011fulay\u0131r. H\u0259m\u00e7inin, bu ifad\u0259, maddi \u015feyl\u0259rin \u0259h\u0259miyy\u0259tini azaldaraq, insan\u0131n daxili d\u00fcnyas\u0131n\u0131n, d\u00fc\u015f\u00fcnc\u0259l\u0259rinin v\u0259 hissl\u0259rinin daha \u00f6n\u0259mli oldu\u011funu bildirir.<\/p>\n<p><b>Q\u0131sa M\u0259nas\u0131<\/b><br \/> Maddi imkanlar\u0131 olmayan, lakin ruh\u0259n azad olan insanlar\u0131n v\u0259ziyy\u0259tini ifad\u0259 edir.<\/p>\n","protected":false},"excerpt":{"rendered":"<p>&#8220;g\u0259z\u0259r divan\u0131-divan\u0259, paras\u0131 olmayan d\u0259rvi\u015f&#8221; atalar s\u00f6z\u00fc, insanlar\u0131n maddi imkanlar\u0131 olmayan, lakin ruh\u0259n v\u0259 m\u0259n\u0259n azad olan \u015f\u0259xsl\u0259ri t\u0259svir edir. Bu atalar s\u00f6z\u00fc, b\u0259z\u0259n maddi s\u0259rv\u0259t\u0259 sahib olmama\u011f\u0131n, insan\u0131n ruhunu azad etm\u0259si v\u0259 h\u0259yat\u0131n m\u0259nas\u0131n\u0131 tapmas\u0131 \u00fc\u00e7\u00fcn bir mane\u0259 olmad\u0131\u011f\u0131n\u0131 vur\u011fulay\u0131r. H\u0259m\u00e7inin, bu ifad\u0259, maddi \u015feyl\u0259rin \u0259h\u0259miyy\u0259tini azaldaraq, insan\u0131n daxili d\u00fcnyas\u0131n\u0131n, d\u00fc\u015f\u00fcnc\u0259l\u0259rinin v\u0259 hissl\u0259rinin daha &#8230; <a title=\"G\u0259z\u0259r Divan\u0131-divan\u0259, Paras\u0131 Olmayan D\u0259rvi\u015f\" class=\"read-more\" href=\"https:\/\/nedir.az\/atalar-sozleri\/gezer-divani-divane-parasi-olmayan-dervis-atalar-sozunun-menasi-nedir\" aria-label=\"Read more about G\u0259z\u0259r Divan\u0131-divan\u0259, Paras\u0131 Olmayan D\u0259rvi\u015f\">Read more<\/a><\/p>\n","protected":false},"author":2,"featured_media":0,"comment_status":"open","ping_status":"open","sticky":false,"template":"","format":"standard","meta":{"footnotes":""},"categories":[1],"tags":[],"class_list":["post-6705","post","type-post","status-publish","format-standard","hentry","category-atalar-sozleri-atalar-sozu"],"aioseo_notices":[],"_links":{"self":[{"href":"https:\/\/nedir.az\/atalar-sozleri\/wp-json\/wp\/v2\/posts\/6705","targetHints":{"allow":["GET"]}}],"collection":[{"href":"https:\/\/nedir.az\/atalar-sozleri\/wp-json\/wp\/v2\/posts"}],"about":[{"href":"https:\/\/nedir.az\/atalar-sozleri\/wp-json\/wp\/v2\/types\/post"}],"author":[{"embeddable":true,"href":"https:\/\/nedir.az\/atalar-sozleri\/wp-json\/wp\/v2\/users\/2"}],"replies":[{"embeddable":true,"href":"https:\/\/nedir.az\/atalar-sozleri\/wp-json\/wp\/v2\/comments?post=6705"}],"version-history":[{"count":0,"href":"https:\/\/nedir.az\/atalar-sozleri\/wp-json\/wp\/v2\/posts\/6705\/revisions"}],"wp:attachment":[{"href":"https:\/\/nedir.az\/atalar-sozleri\/wp-json\/wp\/v2\/media?parent=6705"}],"wp:term":[{"taxonomy":"category","embeddable":true,"href":"https:\/\/nedir.az\/atalar-sozleri\/wp-json\/wp\/v2\/categories?post=6705"},{"taxonomy":"post_tag","embeddable":true,"href":"https:\/\/nedir.az\/atalar-sozleri\/wp-json\/wp\/v2\/tags?post=6705"}],"curies":[{"name":"wp","href":"https:\/\/api.w.org\/{rel}","templated":true}]}}