{"id":6701,"date":"2024-09-06T21:34:22","date_gmt":"2024-09-06T21:34:22","guid":{"rendered":""},"modified":"-0001-11-30T00:00:00","modified_gmt":"-0001-11-29T21:00:00","slug":"gezdim-iran-turani-cennet-gordum-burani","status":"publish","type":"post","link":"https:\/\/nedir.az\/atalar-sozleri\/gezdim-iran-turani-cennet-gordum-burani-atalar-sozunun-menasi-nedir","title":{"rendered":"G\u0259zdim \u0130ran, Turan\u0131, C\u0259nn\u0259t G\u00f6rd\u00fcm Buran\u0131"},"content":{"rendered":"<p>&#8220;g\u0259zdim i\u0307ran, turan\u0131, c\u0259nn\u0259t g\u00f6rd\u00fcm buran\u0131&#8221; atalar s\u00f6z\u00fc, bir insan\u0131n ya\u015fad\u0131\u011f\u0131 yerin, do\u011fuldu\u011fu torpa\u011f\u0131n g\u00f6z\u0259llikl\u0259rini v\u0259 d\u0259y\u0259rini vur\u011fulamaq m\u0259qs\u0259dini g\u00fcd\u00fcr. Bu s\u00f6z, insan\u0131n \u00f6z v\u0259t\u0259nini, onun g\u00f6z\u0259llikl\u0259rini, m\u0259d\u0259niyy\u0259tini v\u0259 d\u0259y\u0259rl\u0259rini t\u0259rifl\u0259yir. H\u0259m\u00e7inin, ba\u015fqa yerl\u0259rd\u0259ki g\u00f6z\u0259llikl\u0259rin bel\u0259, insan\u0131n \u00f6z yurdunun g\u00f6z\u0259llikl\u0259ri il\u0259 m\u00fcqayis\u0259d\u0259 daha az d\u0259y\u0259rli oldu\u011funu ifad\u0259 edir. Bu atalar s\u00f6z\u00fc, insanlara \u00f6z k\u00f6kl\u0259rin\u0259, m\u0259d\u0259niyy\u0259tin\u0259 v\u0259 v\u0259t\u0259nin\u0259 ba\u011fl\u0131 qalma\u011f\u0131 t\u00f6vsiy\u0259 edir.<\/p>\n<p><b>Q\u0131sa M\u0259nas\u0131<\/b><br \/> \u00d6z v\u0259t\u0259ninin g\u00f6z\u0259llikl\u0259rini t\u0259rifl\u0259yir, ba\u015fqa yerl\u0259rl\u0259 m\u00fcqayis\u0259d\u0259 v\u0259t\u0259nin d\u0259y\u0259rini vur\u011fulay\u0131r.<\/p>\n","protected":false},"excerpt":{"rendered":"<p>&#8220;g\u0259zdim i\u0307ran, turan\u0131, c\u0259nn\u0259t g\u00f6rd\u00fcm buran\u0131&#8221; atalar s\u00f6z\u00fc, bir insan\u0131n ya\u015fad\u0131\u011f\u0131 yerin, do\u011fuldu\u011fu torpa\u011f\u0131n g\u00f6z\u0259llikl\u0259rini v\u0259 d\u0259y\u0259rini vur\u011fulamaq m\u0259qs\u0259dini g\u00fcd\u00fcr. Bu s\u00f6z, insan\u0131n \u00f6z v\u0259t\u0259nini, onun g\u00f6z\u0259llikl\u0259rini, m\u0259d\u0259niyy\u0259tini v\u0259 d\u0259y\u0259rl\u0259rini t\u0259rifl\u0259yir. H\u0259m\u00e7inin, ba\u015fqa yerl\u0259rd\u0259ki g\u00f6z\u0259llikl\u0259rin bel\u0259, insan\u0131n \u00f6z yurdunun g\u00f6z\u0259llikl\u0259ri il\u0259 m\u00fcqayis\u0259d\u0259 daha az d\u0259y\u0259rli oldu\u011funu ifad\u0259 edir. Bu atalar s\u00f6z\u00fc, insanlara \u00f6z k\u00f6kl\u0259rin\u0259, m\u0259d\u0259niyy\u0259tin\u0259 &#8230; <a title=\"G\u0259zdim \u0130ran, Turan\u0131, C\u0259nn\u0259t G\u00f6rd\u00fcm Buran\u0131\" class=\"read-more\" href=\"https:\/\/nedir.az\/atalar-sozleri\/gezdim-iran-turani-cennet-gordum-burani-atalar-sozunun-menasi-nedir\" aria-label=\"Read more about G\u0259zdim \u0130ran, Turan\u0131, C\u0259nn\u0259t G\u00f6rd\u00fcm Buran\u0131\">Read more<\/a><\/p>\n","protected":false},"author":2,"featured_media":0,"comment_status":"open","ping_status":"open","sticky":false,"template":"","format":"standard","meta":{"footnotes":""},"categories":[1],"tags":[],"class_list":["post-6701","post","type-post","status-publish","format-standard","hentry","category-atalar-sozleri-atalar-sozu"],"aioseo_notices":[],"_links":{"self":[{"href":"https:\/\/nedir.az\/atalar-sozleri\/wp-json\/wp\/v2\/posts\/6701","targetHints":{"allow":["GET"]}}],"collection":[{"href":"https:\/\/nedir.az\/atalar-sozleri\/wp-json\/wp\/v2\/posts"}],"about":[{"href":"https:\/\/nedir.az\/atalar-sozleri\/wp-json\/wp\/v2\/types\/post"}],"author":[{"embeddable":true,"href":"https:\/\/nedir.az\/atalar-sozleri\/wp-json\/wp\/v2\/users\/2"}],"replies":[{"embeddable":true,"href":"https:\/\/nedir.az\/atalar-sozleri\/wp-json\/wp\/v2\/comments?post=6701"}],"version-history":[{"count":0,"href":"https:\/\/nedir.az\/atalar-sozleri\/wp-json\/wp\/v2\/posts\/6701\/revisions"}],"wp:attachment":[{"href":"https:\/\/nedir.az\/atalar-sozleri\/wp-json\/wp\/v2\/media?parent=6701"}],"wp:term":[{"taxonomy":"category","embeddable":true,"href":"https:\/\/nedir.az\/atalar-sozleri\/wp-json\/wp\/v2\/categories?post=6701"},{"taxonomy":"post_tag","embeddable":true,"href":"https:\/\/nedir.az\/atalar-sozleri\/wp-json\/wp\/v2\/tags?post=6701"}],"curies":[{"name":"wp","href":"https:\/\/api.w.org\/{rel}","templated":true}]}}