{"id":6699,"date":"2024-09-06T21:34:22","date_gmt":"2024-09-06T21:34:22","guid":{"rendered":""},"modified":"-0001-11-30T00:00:00","modified_gmt":"-0001-11-29T21:00:00","slug":"genclik-omrun-baharidir","status":"publish","type":"post","link":"https:\/\/nedir.az\/atalar-sozleri\/genclik-omrun-baharidir-atalar-sozunun-menasi-nedir","title":{"rendered":"G\u0259nclik \u00d6mr\u00fcn Bahar\u0131d\u0131r"},"content":{"rendered":"<p>\u201cg\u0259nclik \u00f6mr\u00fcn bahar\u0131d\u0131r\u201d atalar s\u00f6z\u00fcn\u00fcn m\u0259nas\u0131, g\u0259nclik d\u00f6vr\u00fcn\u00fcn insan\u0131n h\u0259yat\u0131nda \u0259n g\u00f6z\u0259l, enerjili v\u0259 m\u0259hsuldar zaman oldu\u011funu vur\u011fulay\u0131r. Bu d\u00f6vr, insan\u0131n inki\u015faf etdiyi, yeni \u015feyl\u0259r \u00f6yr\u0259ndiyi v\u0259 g\u0259l\u0259c\u0259k \u00fc\u00e7\u00fcn \u0259saslar\u0131n qoyuldu\u011fu bir m\u0259rh\u0259l\u0259dir. G\u0259nclik, h\u0259m\u00e7inin insan\u0131n h\u0259yat\u0131nda yeni imkanlar\u0131n a\u00e7\u0131ld\u0131\u011f\u0131, arzular\u0131n ger\u00e7\u0259kl\u0259\u015fm\u0259si \u00fc\u00e7\u00fcn m\u00fcbariz\u0259 apard\u0131\u011f\u0131 bir vaxtd\u0131r. Bu atalar s\u00f6z\u00fc, g\u0259ncliyin d\u0259y\u0259rini, onun \u0259h\u0259miyy\u0259tini v\u0259 bu d\u00f6vr\u00fcn d\u00fczg\u00fcn qiym\u0259tl\u0259ndirilm\u0259sinin vacibliyini ifad\u0259 edir.<\/p>\n<p><b>Q\u0131sa M\u0259nas\u0131<\/b><br \/> G\u0259nclik, h\u0259yat\u0131n \u0259n g\u00f6z\u0259l v\u0259 m\u0259hsuldar d\u00f6vr\u00fcd\u00fcr.<\/p>\n","protected":false},"excerpt":{"rendered":"<p>\u201cg\u0259nclik \u00f6mr\u00fcn bahar\u0131d\u0131r\u201d atalar s\u00f6z\u00fcn\u00fcn m\u0259nas\u0131, g\u0259nclik d\u00f6vr\u00fcn\u00fcn insan\u0131n h\u0259yat\u0131nda \u0259n g\u00f6z\u0259l, enerjili v\u0259 m\u0259hsuldar zaman oldu\u011funu vur\u011fulay\u0131r. Bu d\u00f6vr, insan\u0131n inki\u015faf etdiyi, yeni \u015feyl\u0259r \u00f6yr\u0259ndiyi v\u0259 g\u0259l\u0259c\u0259k \u00fc\u00e7\u00fcn \u0259saslar\u0131n qoyuldu\u011fu bir m\u0259rh\u0259l\u0259dir. G\u0259nclik, h\u0259m\u00e7inin insan\u0131n h\u0259yat\u0131nda yeni imkanlar\u0131n a\u00e7\u0131ld\u0131\u011f\u0131, arzular\u0131n ger\u00e7\u0259kl\u0259\u015fm\u0259si \u00fc\u00e7\u00fcn m\u00fcbariz\u0259 apard\u0131\u011f\u0131 bir vaxtd\u0131r. Bu atalar s\u00f6z\u00fc, g\u0259ncliyin d\u0259y\u0259rini, onun \u0259h\u0259miyy\u0259tini v\u0259 &#8230; <a title=\"G\u0259nclik \u00d6mr\u00fcn Bahar\u0131d\u0131r\" class=\"read-more\" href=\"https:\/\/nedir.az\/atalar-sozleri\/genclik-omrun-baharidir-atalar-sozunun-menasi-nedir\" aria-label=\"Read more about G\u0259nclik \u00d6mr\u00fcn Bahar\u0131d\u0131r\">Read more<\/a><\/p>\n","protected":false},"author":2,"featured_media":0,"comment_status":"open","ping_status":"open","sticky":false,"template":"","format":"standard","meta":{"footnotes":""},"categories":[1],"tags":[],"class_list":["post-6699","post","type-post","status-publish","format-standard","hentry","category-atalar-sozleri-atalar-sozu"],"aioseo_notices":[],"_links":{"self":[{"href":"https:\/\/nedir.az\/atalar-sozleri\/wp-json\/wp\/v2\/posts\/6699","targetHints":{"allow":["GET"]}}],"collection":[{"href":"https:\/\/nedir.az\/atalar-sozleri\/wp-json\/wp\/v2\/posts"}],"about":[{"href":"https:\/\/nedir.az\/atalar-sozleri\/wp-json\/wp\/v2\/types\/post"}],"author":[{"embeddable":true,"href":"https:\/\/nedir.az\/atalar-sozleri\/wp-json\/wp\/v2\/users\/2"}],"replies":[{"embeddable":true,"href":"https:\/\/nedir.az\/atalar-sozleri\/wp-json\/wp\/v2\/comments?post=6699"}],"version-history":[{"count":0,"href":"https:\/\/nedir.az\/atalar-sozleri\/wp-json\/wp\/v2\/posts\/6699\/revisions"}],"wp:attachment":[{"href":"https:\/\/nedir.az\/atalar-sozleri\/wp-json\/wp\/v2\/media?parent=6699"}],"wp:term":[{"taxonomy":"category","embeddable":true,"href":"https:\/\/nedir.az\/atalar-sozleri\/wp-json\/wp\/v2\/categories?post=6699"},{"taxonomy":"post_tag","embeddable":true,"href":"https:\/\/nedir.az\/atalar-sozleri\/wp-json\/wp\/v2\/tags?post=6699"}],"curies":[{"name":"wp","href":"https:\/\/api.w.org\/{rel}","templated":true}]}}