{"id":6698,"date":"2024-09-06T21:34:22","date_gmt":"2024-09-06T21:34:22","guid":{"rendered":""},"modified":"-0001-11-30T00:00:00","modified_gmt":"-0001-11-29T21:00:00","slug":"genclik-gozellik-demekdir","status":"publish","type":"post","link":"https:\/\/nedir.az\/atalar-sozleri\/genclik-gozellik-demekdir-atalar-sozunun-menasi-nedir","title":{"rendered":"G\u0259nclik G\u00f6z\u0259llik Dem\u0259kdir"},"content":{"rendered":"<p>\u201cg\u0259nclik g\u00f6z\u0259llik dem\u0259kdir\u201d atalar s\u00f6z\u00fcn\u00fcn m\u0259nas\u0131, g\u0259nclik d\u00f6vr\u00fcn\u00fcn insan\u0131n h\u0259yat\u0131nda \u0259n g\u00f6z\u0259l, enerjili v\u0259 m\u0259hsuldar bir zaman oldu\u011funu vur\u011fulay\u0131r. Bu d\u00f6vrd\u0259 insanlar daha dinamik, yarad\u0131c\u0131 v\u0259 h\u0259yata daha a\u00e7\u0131q olurlar. G\u0259nclik, h\u0259m\u00e7inin sa\u011flaml\u0131q, g\u00f6z\u0259llik v\u0259 h\u0259yat\u0131n yeni imkanlar\u0131 il\u0259 dolu bir m\u0259rh\u0259l\u0259dir. Atalar s\u00f6z\u00fc, g\u0259ncliyin d\u0259y\u0259rini v\u0259 onun g\u0259tirdiyi g\u00f6z\u0259llikl\u0259ri qeyd edir, eyni zamanda bu d\u00f6vr\u00fcn qiym\u0259tini bilm\u0259k v\u0259 onu d\u0259y\u0259rl\u0259ndirm\u0259k laz\u0131m oldu\u011funu bildirir.<\/p>\n<p><b>Q\u0131sa M\u0259nas\u0131<\/b><br \/> G\u0259nclik, h\u0259yat\u0131n \u0259n g\u00f6z\u0259l v\u0259 enerjili d\u00f6vr\u00fcd\u00fcr.<\/p>\n","protected":false},"excerpt":{"rendered":"<p>\u201cg\u0259nclik g\u00f6z\u0259llik dem\u0259kdir\u201d atalar s\u00f6z\u00fcn\u00fcn m\u0259nas\u0131, g\u0259nclik d\u00f6vr\u00fcn\u00fcn insan\u0131n h\u0259yat\u0131nda \u0259n g\u00f6z\u0259l, enerjili v\u0259 m\u0259hsuldar bir zaman oldu\u011funu vur\u011fulay\u0131r. Bu d\u00f6vrd\u0259 insanlar daha dinamik, yarad\u0131c\u0131 v\u0259 h\u0259yata daha a\u00e7\u0131q olurlar. G\u0259nclik, h\u0259m\u00e7inin sa\u011flaml\u0131q, g\u00f6z\u0259llik v\u0259 h\u0259yat\u0131n yeni imkanlar\u0131 il\u0259 dolu bir m\u0259rh\u0259l\u0259dir. Atalar s\u00f6z\u00fc, g\u0259ncliyin d\u0259y\u0259rini v\u0259 onun g\u0259tirdiyi g\u00f6z\u0259llikl\u0259ri qeyd edir, eyni zamanda bu &#8230; <a title=\"G\u0259nclik G\u00f6z\u0259llik Dem\u0259kdir\" class=\"read-more\" href=\"https:\/\/nedir.az\/atalar-sozleri\/genclik-gozellik-demekdir-atalar-sozunun-menasi-nedir\" aria-label=\"Read more about G\u0259nclik G\u00f6z\u0259llik Dem\u0259kdir\">Read more<\/a><\/p>\n","protected":false},"author":2,"featured_media":0,"comment_status":"open","ping_status":"open","sticky":false,"template":"","format":"standard","meta":{"footnotes":""},"categories":[1],"tags":[],"class_list":["post-6698","post","type-post","status-publish","format-standard","hentry","category-atalar-sozleri-atalar-sozu"],"aioseo_notices":[],"_links":{"self":[{"href":"https:\/\/nedir.az\/atalar-sozleri\/wp-json\/wp\/v2\/posts\/6698","targetHints":{"allow":["GET"]}}],"collection":[{"href":"https:\/\/nedir.az\/atalar-sozleri\/wp-json\/wp\/v2\/posts"}],"about":[{"href":"https:\/\/nedir.az\/atalar-sozleri\/wp-json\/wp\/v2\/types\/post"}],"author":[{"embeddable":true,"href":"https:\/\/nedir.az\/atalar-sozleri\/wp-json\/wp\/v2\/users\/2"}],"replies":[{"embeddable":true,"href":"https:\/\/nedir.az\/atalar-sozleri\/wp-json\/wp\/v2\/comments?post=6698"}],"version-history":[{"count":0,"href":"https:\/\/nedir.az\/atalar-sozleri\/wp-json\/wp\/v2\/posts\/6698\/revisions"}],"wp:attachment":[{"href":"https:\/\/nedir.az\/atalar-sozleri\/wp-json\/wp\/v2\/media?parent=6698"}],"wp:term":[{"taxonomy":"category","embeddable":true,"href":"https:\/\/nedir.az\/atalar-sozleri\/wp-json\/wp\/v2\/categories?post=6698"},{"taxonomy":"post_tag","embeddable":true,"href":"https:\/\/nedir.az\/atalar-sozleri\/wp-json\/wp\/v2\/tags?post=6698"}],"curies":[{"name":"wp","href":"https:\/\/api.w.org\/{rel}","templated":true}]}}