{"id":6697,"date":"2024-09-06T21:34:22","date_gmt":"2024-09-06T21:34:22","guid":{"rendered":""},"modified":"-0001-11-30T00:00:00","modified_gmt":"-0001-11-29T21:00:00","slug":"gemisini-batiran-carigini-axtarmaz","status":"publish","type":"post","link":"https:\/\/nedir.az\/atalar-sozleri\/gemisini-batiran-carigini-axtarmaz-atalar-sozunun-menasi-nedir","title":{"rendered":"G\u0259misini Bat\u0131ran, \u00c7ar\u0131\u011f\u0131n\u0131 Axtarmaz"},"content":{"rendered":"<p>\u201cg\u0259misini bat\u0131ran, \u00e7ar\u0131\u011f\u0131n\u0131 axtarmaz\u201d atalar s\u00f6z\u00fc, insan\u0131n ba\u015f\u0131na g\u0259l\u0259n \u00e7\u0259tinlikl\u0259rd\u0259n sonra, daha az \u0259h\u0259miyy\u0259tli m\u0259s\u0259l\u0259l\u0259r\u0259 diqq\u0259t yetirm\u0259m\u0259si v\u0259 ya onlar\u0131 d\u00fc\u015f\u00fcnm\u0259m\u0259si anlam\u0131nda istifad\u0259 olunur. Bu s\u00f6z, bir insan\u0131n b\u00f6y\u00fck bir problem ya\u015fad\u0131qda, daha ki\u00e7ik v\u0259 \u00f6n\u0259msiz m\u0259s\u0259l\u0259l\u0259ri d\u00fc\u015f\u00fcnm\u0259m\u0259si, ya da onlara vaxt ay\u0131rmamas\u0131 fikrini ifad\u0259 edir. Y\u0259ni, \u0259g\u0259r bir insan ciddi bir \u00e7\u0259tinlikl\u0259 qar\u015f\u0131la\u015f\u0131rsa, o zaman daha az \u0259h\u0259miyy\u0259tli \u015feyl\u0259r onun \u00fc\u00e7\u00fcn art\u0131q \u00f6n\u0259mli olmur.<\/p>\n<p><b>Q\u0131sa M\u0259nas\u0131<\/b><br \/>Bu atalar s\u00f6z\u00fc, b\u00f6y\u00fck probleml\u0259rl\u0259 \u00fczl\u0259\u015f\u0259n insanlar\u0131n ki\u00e7ik m\u0259s\u0259l\u0259l\u0259ri \u00f6n\u0259ms\u0259m\u0259dikl\u0259rini ifad\u0259 edir.<\/p>\n","protected":false},"excerpt":{"rendered":"<p>\u201cg\u0259misini bat\u0131ran, \u00e7ar\u0131\u011f\u0131n\u0131 axtarmaz\u201d atalar s\u00f6z\u00fc, insan\u0131n ba\u015f\u0131na g\u0259l\u0259n \u00e7\u0259tinlikl\u0259rd\u0259n sonra, daha az \u0259h\u0259miyy\u0259tli m\u0259s\u0259l\u0259l\u0259r\u0259 diqq\u0259t yetirm\u0259m\u0259si v\u0259 ya onlar\u0131 d\u00fc\u015f\u00fcnm\u0259m\u0259si anlam\u0131nda istifad\u0259 olunur. Bu s\u00f6z, bir insan\u0131n b\u00f6y\u00fck bir problem ya\u015fad\u0131qda, daha ki\u00e7ik v\u0259 \u00f6n\u0259msiz m\u0259s\u0259l\u0259l\u0259ri d\u00fc\u015f\u00fcnm\u0259m\u0259si, ya da onlara vaxt ay\u0131rmamas\u0131 fikrini ifad\u0259 edir. Y\u0259ni, \u0259g\u0259r bir insan ciddi bir \u00e7\u0259tinlikl\u0259 qar\u015f\u0131la\u015f\u0131rsa, o &#8230; <a title=\"G\u0259misini Bat\u0131ran, \u00c7ar\u0131\u011f\u0131n\u0131 Axtarmaz\" class=\"read-more\" href=\"https:\/\/nedir.az\/atalar-sozleri\/gemisini-batiran-carigini-axtarmaz-atalar-sozunun-menasi-nedir\" aria-label=\"Read more about G\u0259misini Bat\u0131ran, \u00c7ar\u0131\u011f\u0131n\u0131 Axtarmaz\">Read more<\/a><\/p>\n","protected":false},"author":2,"featured_media":0,"comment_status":"open","ping_status":"open","sticky":false,"template":"","format":"standard","meta":{"footnotes":""},"categories":[1],"tags":[],"class_list":["post-6697","post","type-post","status-publish","format-standard","hentry","category-atalar-sozleri-atalar-sozu"],"aioseo_notices":[],"_links":{"self":[{"href":"https:\/\/nedir.az\/atalar-sozleri\/wp-json\/wp\/v2\/posts\/6697","targetHints":{"allow":["GET"]}}],"collection":[{"href":"https:\/\/nedir.az\/atalar-sozleri\/wp-json\/wp\/v2\/posts"}],"about":[{"href":"https:\/\/nedir.az\/atalar-sozleri\/wp-json\/wp\/v2\/types\/post"}],"author":[{"embeddable":true,"href":"https:\/\/nedir.az\/atalar-sozleri\/wp-json\/wp\/v2\/users\/2"}],"replies":[{"embeddable":true,"href":"https:\/\/nedir.az\/atalar-sozleri\/wp-json\/wp\/v2\/comments?post=6697"}],"version-history":[{"count":0,"href":"https:\/\/nedir.az\/atalar-sozleri\/wp-json\/wp\/v2\/posts\/6697\/revisions"}],"wp:attachment":[{"href":"https:\/\/nedir.az\/atalar-sozleri\/wp-json\/wp\/v2\/media?parent=6697"}],"wp:term":[{"taxonomy":"category","embeddable":true,"href":"https:\/\/nedir.az\/atalar-sozleri\/wp-json\/wp\/v2\/categories?post=6697"},{"taxonomy":"post_tag","embeddable":true,"href":"https:\/\/nedir.az\/atalar-sozleri\/wp-json\/wp\/v2\/tags?post=6697"}],"curies":[{"name":"wp","href":"https:\/\/api.w.org\/{rel}","templated":true}]}}