{"id":6695,"date":"2024-09-06T21:34:22","date_gmt":"2024-09-06T21:34:22","guid":{"rendered":""},"modified":"-0001-11-30T00:00:00","modified_gmt":"-0001-11-29T21:00:00","slug":"gelmisdi-saqqal-dalinca-bigini-da-qoydu-getdi","status":"publish","type":"post","link":"https:\/\/nedir.az\/atalar-sozleri\/gelmisdi-saqqal-dalinca-bigini-da-qoydu-getdi-atalar-sozunun-menasi-nedir","title":{"rendered":"G\u0259lmi\u015fdi Saqqal Dal\u0131nca, B\u0131\u011f\u0131n\u0131 da Qoydu Getdi"},"content":{"rendered":"<p>&#8220;g\u0259lmi\u015fdi saqqal dal\u0131nca, b\u0131\u011f\u0131n\u0131 da qoydu getdi&#8221; atalar s\u00f6z\u00fc, bir insan\u0131n bir m\u0259qs\u0259d u\u011frunda \u00e7al\u0131\u015fark\u0259n, laz\u0131ms\u0131z v\u0259 ya \u0259lav\u0259 y\u00fck g\u0259tir\u0259n \u015feyl\u0259rd\u0259n imtina etm\u0259si laz\u0131m oldu\u011funu ifad\u0259 edir. Bu s\u00f6z, b\u0259z\u0259n insan\u0131n \u00f6z m\u0259qs\u0259din\u0259 \u00e7atmaq \u00fc\u00e7\u00fcn diqq\u0259tini yay\u0131nd\u0131ran v\u0259 ya ona mane olan \u015feyl\u0259ri aradan qald\u0131rmas\u0131 g\u0259r\u0259kdiyini vur\u011fulay\u0131r. Y\u0259ni, \u0259g\u0259r bir i\u015f\u0259 ba\u015flamaq ist\u0259yirs\u0259ns\u0259, ona mane olan \u015feyl\u0259ri k\u0259nara qoymal\u0131san.<\/p>\n<p><b>Q\u0131sa M\u0259nas\u0131<\/b><br \/>Bu atalar s\u00f6z\u00fc, m\u0259qs\u0259d u\u011frunda laz\u0131ms\u0131z \u015feyl\u0259rd\u0259n imtina etm\u0259yi ifad\u0259 edir.<\/p>\n","protected":false},"excerpt":{"rendered":"<p>&#8220;g\u0259lmi\u015fdi saqqal dal\u0131nca, b\u0131\u011f\u0131n\u0131 da qoydu getdi&#8221; atalar s\u00f6z\u00fc, bir insan\u0131n bir m\u0259qs\u0259d u\u011frunda \u00e7al\u0131\u015fark\u0259n, laz\u0131ms\u0131z v\u0259 ya \u0259lav\u0259 y\u00fck g\u0259tir\u0259n \u015feyl\u0259rd\u0259n imtina etm\u0259si laz\u0131m oldu\u011funu ifad\u0259 edir. Bu s\u00f6z, b\u0259z\u0259n insan\u0131n \u00f6z m\u0259qs\u0259din\u0259 \u00e7atmaq \u00fc\u00e7\u00fcn diqq\u0259tini yay\u0131nd\u0131ran v\u0259 ya ona mane olan \u015feyl\u0259ri aradan qald\u0131rmas\u0131 g\u0259r\u0259kdiyini vur\u011fulay\u0131r. Y\u0259ni, \u0259g\u0259r bir i\u015f\u0259 ba\u015flamaq ist\u0259yirs\u0259ns\u0259, ona &#8230; <a title=\"G\u0259lmi\u015fdi Saqqal Dal\u0131nca, B\u0131\u011f\u0131n\u0131 da Qoydu Getdi\" class=\"read-more\" href=\"https:\/\/nedir.az\/atalar-sozleri\/gelmisdi-saqqal-dalinca-bigini-da-qoydu-getdi-atalar-sozunun-menasi-nedir\" aria-label=\"Read more about G\u0259lmi\u015fdi Saqqal Dal\u0131nca, B\u0131\u011f\u0131n\u0131 da Qoydu Getdi\">Read more<\/a><\/p>\n","protected":false},"author":2,"featured_media":0,"comment_status":"open","ping_status":"open","sticky":false,"template":"","format":"standard","meta":{"footnotes":""},"categories":[1],"tags":[],"class_list":["post-6695","post","type-post","status-publish","format-standard","hentry","category-atalar-sozleri-atalar-sozu"],"aioseo_notices":[],"_links":{"self":[{"href":"https:\/\/nedir.az\/atalar-sozleri\/wp-json\/wp\/v2\/posts\/6695","targetHints":{"allow":["GET"]}}],"collection":[{"href":"https:\/\/nedir.az\/atalar-sozleri\/wp-json\/wp\/v2\/posts"}],"about":[{"href":"https:\/\/nedir.az\/atalar-sozleri\/wp-json\/wp\/v2\/types\/post"}],"author":[{"embeddable":true,"href":"https:\/\/nedir.az\/atalar-sozleri\/wp-json\/wp\/v2\/users\/2"}],"replies":[{"embeddable":true,"href":"https:\/\/nedir.az\/atalar-sozleri\/wp-json\/wp\/v2\/comments?post=6695"}],"version-history":[{"count":0,"href":"https:\/\/nedir.az\/atalar-sozleri\/wp-json\/wp\/v2\/posts\/6695\/revisions"}],"wp:attachment":[{"href":"https:\/\/nedir.az\/atalar-sozleri\/wp-json\/wp\/v2\/media?parent=6695"}],"wp:term":[{"taxonomy":"category","embeddable":true,"href":"https:\/\/nedir.az\/atalar-sozleri\/wp-json\/wp\/v2\/categories?post=6695"},{"taxonomy":"post_tag","embeddable":true,"href":"https:\/\/nedir.az\/atalar-sozleri\/wp-json\/wp\/v2\/tags?post=6695"}],"curies":[{"name":"wp","href":"https:\/\/api.w.org\/{rel}","templated":true}]}}