{"id":6684,"date":"2024-09-06T21:34:22","date_gmt":"2024-09-06T21:34:22","guid":{"rendered":""},"modified":"-0001-11-30T00:00:00","modified_gmt":"-0001-11-29T21:00:00","slug":"gelin-menim-supurgemdir-harda-istesem-orda-oturar","status":"publish","type":"post","link":"https:\/\/nedir.az\/atalar-sozleri\/gelin-menim-supurgemdir-harda-istesem-orda-oturar-atalar-sozunun-menasi-nedir","title":{"rendered":"G\u0259lin M\u0259nim S\u00fcp\u00fcrg\u0259mdir, Harda Ist\u0259s\u0259m Orda Oturar"},"content":{"rendered":"<p>&#8220;g\u0259lin m\u0259nim s\u00fcp\u00fcrg\u0259mdir, harda ist\u0259s\u0259m orda oturar&#8221; atalar s\u00f6z\u00fc, insan\u0131n \u00f6z se\u00e7im v\u0259 q\u0259rarlar\u0131n\u0131 s\u0259rb\u0259st \u015f\u0259kild\u0259 ed\u0259 bil\u0259c\u0259yini, ba\u015fqalar\u0131n\u0131n t\u0259sirind\u0259n as\u0131l\u0131 olmadan ist\u0259diyi yerd\u0259 v\u0259 ist\u0259diyi \u015f\u0259kild\u0259 ya\u015faya bil\u0259c\u0259yini ifad\u0259 edir. Bu s\u00f6z, insan\u0131n \u00f6z h\u0259yat\u0131nda m\u00fcst\u0259qil oldu\u011funu, ba\u015fqalar\u0131n\u0131n ona n\u0259yi etm\u0259li oldu\u011funu dem\u0259sinin yersiz oldu\u011funu vur\u011fulay\u0131r. H\u0259m\u00e7inin, bu atalar s\u00f6z\u00fc, insan\u0131n \u00f6z irad\u0259si il\u0259 h\u0259r\u0259k\u0259t etm\u0259sinin vacibliyini v\u0259 \u00f6z se\u00e7iml\u0259rin\u0259 g\u00f6r\u0259 m\u0259suliyy\u0259t da\u015f\u0131d\u0131\u011f\u0131n\u0131 da bildirir.<\/p>\n<p><b>Q\u0131sa M\u0259nas\u0131<\/b><br \/>\u0130nsan\u0131n \u00f6z se\u00e7iml\u0259ri il\u0259 m\u00fcst\u0259qil ya\u015famas\u0131n\u0131 v\u0259 ba\u015fqalar\u0131n\u0131n t\u0259sirind\u0259n azad oldu\u011funu ifad\u0259 edir.<\/p>\n","protected":false},"excerpt":{"rendered":"<p>&#8220;g\u0259lin m\u0259nim s\u00fcp\u00fcrg\u0259mdir, harda ist\u0259s\u0259m orda oturar&#8221; atalar s\u00f6z\u00fc, insan\u0131n \u00f6z se\u00e7im v\u0259 q\u0259rarlar\u0131n\u0131 s\u0259rb\u0259st \u015f\u0259kild\u0259 ed\u0259 bil\u0259c\u0259yini, ba\u015fqalar\u0131n\u0131n t\u0259sirind\u0259n as\u0131l\u0131 olmadan ist\u0259diyi yerd\u0259 v\u0259 ist\u0259diyi \u015f\u0259kild\u0259 ya\u015faya bil\u0259c\u0259yini ifad\u0259 edir. Bu s\u00f6z, insan\u0131n \u00f6z h\u0259yat\u0131nda m\u00fcst\u0259qil oldu\u011funu, ba\u015fqalar\u0131n\u0131n ona n\u0259yi etm\u0259li oldu\u011funu dem\u0259sinin yersiz oldu\u011funu vur\u011fulay\u0131r. H\u0259m\u00e7inin, bu atalar s\u00f6z\u00fc, insan\u0131n \u00f6z irad\u0259si il\u0259 &#8230; <a title=\"G\u0259lin M\u0259nim S\u00fcp\u00fcrg\u0259mdir, Harda Ist\u0259s\u0259m Orda Oturar\" class=\"read-more\" href=\"https:\/\/nedir.az\/atalar-sozleri\/gelin-menim-supurgemdir-harda-istesem-orda-oturar-atalar-sozunun-menasi-nedir\" aria-label=\"Read more about G\u0259lin M\u0259nim S\u00fcp\u00fcrg\u0259mdir, Harda Ist\u0259s\u0259m Orda Oturar\">Read more<\/a><\/p>\n","protected":false},"author":2,"featured_media":0,"comment_status":"open","ping_status":"open","sticky":false,"template":"","format":"standard","meta":{"footnotes":""},"categories":[1],"tags":[],"class_list":["post-6684","post","type-post","status-publish","format-standard","hentry","category-atalar-sozleri-atalar-sozu"],"aioseo_notices":[],"_links":{"self":[{"href":"https:\/\/nedir.az\/atalar-sozleri\/wp-json\/wp\/v2\/posts\/6684","targetHints":{"allow":["GET"]}}],"collection":[{"href":"https:\/\/nedir.az\/atalar-sozleri\/wp-json\/wp\/v2\/posts"}],"about":[{"href":"https:\/\/nedir.az\/atalar-sozleri\/wp-json\/wp\/v2\/types\/post"}],"author":[{"embeddable":true,"href":"https:\/\/nedir.az\/atalar-sozleri\/wp-json\/wp\/v2\/users\/2"}],"replies":[{"embeddable":true,"href":"https:\/\/nedir.az\/atalar-sozleri\/wp-json\/wp\/v2\/comments?post=6684"}],"version-history":[{"count":0,"href":"https:\/\/nedir.az\/atalar-sozleri\/wp-json\/wp\/v2\/posts\/6684\/revisions"}],"wp:attachment":[{"href":"https:\/\/nedir.az\/atalar-sozleri\/wp-json\/wp\/v2\/media?parent=6684"}],"wp:term":[{"taxonomy":"category","embeddable":true,"href":"https:\/\/nedir.az\/atalar-sozleri\/wp-json\/wp\/v2\/categories?post=6684"},{"taxonomy":"post_tag","embeddable":true,"href":"https:\/\/nedir.az\/atalar-sozleri\/wp-json\/wp\/v2\/tags?post=6684"}],"curies":[{"name":"wp","href":"https:\/\/api.w.org\/{rel}","templated":true}]}}