{"id":6683,"date":"2024-09-06T21:34:22","date_gmt":"2024-09-06T21:34:22","guid":{"rendered":""},"modified":"-0001-11-30T00:00:00","modified_gmt":"-0001-11-29T21:00:00","slug":"gelin-gelin-deyil-geldiyi-yer-gelindir","status":"publish","type":"post","link":"https:\/\/nedir.az\/atalar-sozleri\/gelin-gelin-deyil-geldiyi-yer-gelindir-atalar-sozunun-menasi-nedir","title":{"rendered":"G\u0259lin G\u0259lin Deyil, G\u0259ldiyi Yer G\u0259lindir"},"content":{"rendered":"<p>&#8220;g\u0259lin g\u0259lin deyil, g\u0259ldiyi yer g\u0259lindir&#8221; atalar s\u00f6z\u00fc, bir insan\u0131n xarakterinin, davran\u0131\u015flar\u0131n\u0131n v\u0259 ya d\u0259y\u0259rl\u0259rinin, onun m\u0259nsub oldu\u011fu m\u0259d\u0259niyy\u0259t\u0259, ail\u0259y\u0259 v\u0259 ya c\u0259miyy\u0259t\u0259 ba\u011fl\u0131 oldu\u011funu vur\u011fulay\u0131r. Bu s\u00f6z, bir insan\u0131n xarici g\u00f6r\u00fcn\u00fc\u015f\u00fc v\u0259 ya ilk t\u0259\u0259ss\u00fcrat\u0131 il\u0259 deyil, onun yeti\u015fdiyi m\u00fchit v\u0259 orada ald\u0131\u011f\u0131 t\u0259rbiy\u0259 il\u0259 tan\u0131nmal\u0131 oldu\u011funu bildirir. Y\u0259ni, bir insan\u0131n kim oldu\u011fu, onun haradan g\u0259ldiyi il\u0259 s\u0131x ba\u011fl\u0131d\u0131r.<\/p>\n<p><b>Q\u0131sa M\u0259nas\u0131<\/b><br \/>Bu atalar s\u00f6z\u00fc, insan\u0131n xarakterinin v\u0259 davran\u0131\u015flar\u0131n\u0131n, onun m\u0259nsub oldu\u011fu m\u0259d\u0259niyy\u0259t v\u0259 m\u00fchitl\u0259 \u0259laq\u0259li oldu\u011funu ifad\u0259 edir.<\/p>\n","protected":false},"excerpt":{"rendered":"<p>&#8220;g\u0259lin g\u0259lin deyil, g\u0259ldiyi yer g\u0259lindir&#8221; atalar s\u00f6z\u00fc, bir insan\u0131n xarakterinin, davran\u0131\u015flar\u0131n\u0131n v\u0259 ya d\u0259y\u0259rl\u0259rinin, onun m\u0259nsub oldu\u011fu m\u0259d\u0259niyy\u0259t\u0259, ail\u0259y\u0259 v\u0259 ya c\u0259miyy\u0259t\u0259 ba\u011fl\u0131 oldu\u011funu vur\u011fulay\u0131r. Bu s\u00f6z, bir insan\u0131n xarici g\u00f6r\u00fcn\u00fc\u015f\u00fc v\u0259 ya ilk t\u0259\u0259ss\u00fcrat\u0131 il\u0259 deyil, onun yeti\u015fdiyi m\u00fchit v\u0259 orada ald\u0131\u011f\u0131 t\u0259rbiy\u0259 il\u0259 tan\u0131nmal\u0131 oldu\u011funu bildirir. Y\u0259ni, bir insan\u0131n kim oldu\u011fu, onun &#8230; <a title=\"G\u0259lin G\u0259lin Deyil, G\u0259ldiyi Yer G\u0259lindir\" class=\"read-more\" href=\"https:\/\/nedir.az\/atalar-sozleri\/gelin-gelin-deyil-geldiyi-yer-gelindir-atalar-sozunun-menasi-nedir\" aria-label=\"Read more about G\u0259lin G\u0259lin Deyil, G\u0259ldiyi Yer G\u0259lindir\">Read more<\/a><\/p>\n","protected":false},"author":2,"featured_media":0,"comment_status":"open","ping_status":"open","sticky":false,"template":"","format":"standard","meta":{"footnotes":""},"categories":[1],"tags":[],"class_list":["post-6683","post","type-post","status-publish","format-standard","hentry","category-atalar-sozleri-atalar-sozu"],"aioseo_notices":[],"_links":{"self":[{"href":"https:\/\/nedir.az\/atalar-sozleri\/wp-json\/wp\/v2\/posts\/6683","targetHints":{"allow":["GET"]}}],"collection":[{"href":"https:\/\/nedir.az\/atalar-sozleri\/wp-json\/wp\/v2\/posts"}],"about":[{"href":"https:\/\/nedir.az\/atalar-sozleri\/wp-json\/wp\/v2\/types\/post"}],"author":[{"embeddable":true,"href":"https:\/\/nedir.az\/atalar-sozleri\/wp-json\/wp\/v2\/users\/2"}],"replies":[{"embeddable":true,"href":"https:\/\/nedir.az\/atalar-sozleri\/wp-json\/wp\/v2\/comments?post=6683"}],"version-history":[{"count":0,"href":"https:\/\/nedir.az\/atalar-sozleri\/wp-json\/wp\/v2\/posts\/6683\/revisions"}],"wp:attachment":[{"href":"https:\/\/nedir.az\/atalar-sozleri\/wp-json\/wp\/v2\/media?parent=6683"}],"wp:term":[{"taxonomy":"category","embeddable":true,"href":"https:\/\/nedir.az\/atalar-sozleri\/wp-json\/wp\/v2\/categories?post=6683"},{"taxonomy":"post_tag","embeddable":true,"href":"https:\/\/nedir.az\/atalar-sozleri\/wp-json\/wp\/v2\/tags?post=6683"}],"curies":[{"name":"wp","href":"https:\/\/api.w.org\/{rel}","templated":true}]}}