{"id":6679,"date":"2024-09-06T21:34:22","date_gmt":"2024-09-06T21:34:22","guid":{"rendered":""},"modified":"-0001-11-30T00:00:00","modified_gmt":"-0001-11-29T21:00:00","slug":"gelin-atda-qismeti-yadda","status":"publish","type":"post","link":"https:\/\/nedir.az\/atalar-sozleri\/gelin-atda-qismeti-yadda-atalar-sozunun-menasi-nedir","title":{"rendered":"G\u0259lin Atda, Qism\u0259ti Yadda"},"content":{"rendered":"<p>\u201cg\u0259lin atda, qism\u0259ti yadda\u201d atalar s\u00f6z\u00fcn\u00fcn m\u0259nas\u0131, insan\u0131n h\u0259yat\u0131nda ba\u015f ver\u0259n hadis\u0259l\u0259rin, al\u0131n yaz\u0131s\u0131n\u0131n v\u0259 taleyin d\u0259yi\u015fm\u0259z oldu\u011funu vur\u011fulay\u0131r. Bu s\u00f6z, insan\u0131n \u00f6z irad\u0259si il\u0259 b\u0259zi \u015feyl\u0259ri d\u0259yi\u015f\u0259 bil\u0259c\u0259yini, lakin b\u0259zi \u015feyl\u0259rin d\u0259 taleyin h\u00f6km\u00fc il\u0259 ba\u015f verdiyini ifad\u0259 edir. Y\u0259ni, insan \u00e7al\u0131\u015fmal\u0131, m\u00fcbariz\u0259 aparmal\u0131, amma eyni zamanda taleyin g\u0259tirdiyi hadis\u0259l\u0259r\u0259 d\u0259 a\u00e7\u0131q olmal\u0131d\u0131r. Bu atalar s\u00f6z\u00fc, insan\u0131n \u00f6z se\u00e7iml\u0259ri il\u0259 b\u0259rab\u0259r, taleyin d\u0259 rolunu q\u0259bul etm\u0259sinin vacibliyini bildirir.<\/p>\n<p><b>Q\u0131sa M\u0259nas\u0131<\/b><br \/> \u0130nsan\u0131n \u00f6z irad\u0259si il\u0259 b\u0259zi \u015feyl\u0259ri d\u0259yi\u015f\u0259 bil\u0259c\u0259yini, lakin taleyin d\u0259 rolunu q\u0259bul etm\u0259sinin vacibliyini ifad\u0259 edir.<\/p>\n","protected":false},"excerpt":{"rendered":"<p>\u201cg\u0259lin atda, qism\u0259ti yadda\u201d atalar s\u00f6z\u00fcn\u00fcn m\u0259nas\u0131, insan\u0131n h\u0259yat\u0131nda ba\u015f ver\u0259n hadis\u0259l\u0259rin, al\u0131n yaz\u0131s\u0131n\u0131n v\u0259 taleyin d\u0259yi\u015fm\u0259z oldu\u011funu vur\u011fulay\u0131r. Bu s\u00f6z, insan\u0131n \u00f6z irad\u0259si il\u0259 b\u0259zi \u015feyl\u0259ri d\u0259yi\u015f\u0259 bil\u0259c\u0259yini, lakin b\u0259zi \u015feyl\u0259rin d\u0259 taleyin h\u00f6km\u00fc il\u0259 ba\u015f verdiyini ifad\u0259 edir. Y\u0259ni, insan \u00e7al\u0131\u015fmal\u0131, m\u00fcbariz\u0259 aparmal\u0131, amma eyni zamanda taleyin g\u0259tirdiyi hadis\u0259l\u0259r\u0259 d\u0259 a\u00e7\u0131q olmal\u0131d\u0131r. Bu &#8230; <a title=\"G\u0259lin Atda, Qism\u0259ti Yadda\" class=\"read-more\" href=\"https:\/\/nedir.az\/atalar-sozleri\/gelin-atda-qismeti-yadda-atalar-sozunun-menasi-nedir\" aria-label=\"Read more about G\u0259lin Atda, Qism\u0259ti Yadda\">Read more<\/a><\/p>\n","protected":false},"author":2,"featured_media":0,"comment_status":"open","ping_status":"open","sticky":false,"template":"","format":"standard","meta":{"footnotes":""},"categories":[1],"tags":[],"class_list":["post-6679","post","type-post","status-publish","format-standard","hentry","category-atalar-sozleri-atalar-sozu"],"aioseo_notices":[],"_links":{"self":[{"href":"https:\/\/nedir.az\/atalar-sozleri\/wp-json\/wp\/v2\/posts\/6679","targetHints":{"allow":["GET"]}}],"collection":[{"href":"https:\/\/nedir.az\/atalar-sozleri\/wp-json\/wp\/v2\/posts"}],"about":[{"href":"https:\/\/nedir.az\/atalar-sozleri\/wp-json\/wp\/v2\/types\/post"}],"author":[{"embeddable":true,"href":"https:\/\/nedir.az\/atalar-sozleri\/wp-json\/wp\/v2\/users\/2"}],"replies":[{"embeddable":true,"href":"https:\/\/nedir.az\/atalar-sozleri\/wp-json\/wp\/v2\/comments?post=6679"}],"version-history":[{"count":0,"href":"https:\/\/nedir.az\/atalar-sozleri\/wp-json\/wp\/v2\/posts\/6679\/revisions"}],"wp:attachment":[{"href":"https:\/\/nedir.az\/atalar-sozleri\/wp-json\/wp\/v2\/media?parent=6679"}],"wp:term":[{"taxonomy":"category","embeddable":true,"href":"https:\/\/nedir.az\/atalar-sozleri\/wp-json\/wp\/v2\/categories?post=6679"},{"taxonomy":"post_tag","embeddable":true,"href":"https:\/\/nedir.az\/atalar-sozleri\/wp-json\/wp\/v2\/tags?post=6679"}],"curies":[{"name":"wp","href":"https:\/\/api.w.org\/{rel}","templated":true}]}}