{"id":6678,"date":"2024-09-06T21:34:22","date_gmt":"2024-09-06T21:34:22","guid":{"rendered":""},"modified":"-0001-11-30T00:00:00","modified_gmt":"-0001-11-29T21:00:00","slug":"gelin-anasina-hem-aglar-hem-de-gedirem-deyer","status":"publish","type":"post","link":"https:\/\/nedir.az\/atalar-sozleri\/gelin-anasina-hem-aglar-hem-de-gedirem-deyer-atalar-sozunun-menasi-nedir","title":{"rendered":"G\u0259lin Anas\u0131na H\u0259m A\u011flar, H\u0259m d\u0259 &#8220;gedir\u0259m* Dey\u0259r"},"content":{"rendered":"<p>G\u0259lin anas\u0131na h\u0259m a\u011flar, h\u0259m d\u0259 &#8220;gedir\u0259m*&#8221; dey\u0259r atalar s\u00f6z\u00fcn\u00fcn m\u0259nas\u0131, bir insan\u0131n \u00e7\u0259tin bir v\u0259ziyy\u0259tl\u0259 qar\u015f\u0131la\u015fd\u0131\u011f\u0131nda, h\u0259m k\u0259d\u0259rli, h\u0259m d\u0259 m\u00fcsb\u0259t hissl\u0259r ya\u015fayabil\u0259c\u0259yini ifad\u0259 edir. Bu atalar s\u00f6z\u00fc, bir insan\u0131n sevdikl\u0259rind\u0259n ayr\u0131lma\u011f\u0131n ac\u0131s\u0131n\u0131 hiss ed\u0259rk\u0259n, eyni zamanda yeni bir ba\u015flan\u011f\u0131c\u0131n h\u0259y\u0259can\u0131n\u0131 da duydu\u011funu g\u00f6st\u0259rir. G\u0259lin, evl\u0259ndikd\u0259n sonra anas\u0131ndan ayr\u0131laraq yeni bir h\u0259yata ba\u015flay\u0131r, bu da onun \u00fc\u00e7\u00fcn h\u0259m k\u0259d\u0259rli, h\u0259m d\u0259 sevincli bir an\u0131d\u0131r. Bu s\u00f6z, insan\u0131n emosional v\u0259ziyy\u0259tini v\u0259 h\u0259yat\u0131n iki t\u0259r\u0259fini &#8211; ayr\u0131l\u0131q v\u0259 yeni ba\u015flan\u011f\u0131c &#8211; bir arada \u0259ks etdirir.<\/p>\n<p><b>Q\u0131sa M\u0259nas\u0131<\/b><br \/>Bu atalar s\u00f6z\u00fc, ayr\u0131l\u0131q v\u0259 yeni ba\u015flan\u011f\u0131c\u0131n eyni anda ya\u015fand\u0131\u011f\u0131n\u0131 ifad\u0259 edir.<\/p>\n","protected":false},"excerpt":{"rendered":"<p>G\u0259lin anas\u0131na h\u0259m a\u011flar, h\u0259m d\u0259 &#8220;gedir\u0259m*&#8221; dey\u0259r atalar s\u00f6z\u00fcn\u00fcn m\u0259nas\u0131, bir insan\u0131n \u00e7\u0259tin bir v\u0259ziyy\u0259tl\u0259 qar\u015f\u0131la\u015fd\u0131\u011f\u0131nda, h\u0259m k\u0259d\u0259rli, h\u0259m d\u0259 m\u00fcsb\u0259t hissl\u0259r ya\u015fayabil\u0259c\u0259yini ifad\u0259 edir. Bu atalar s\u00f6z\u00fc, bir insan\u0131n sevdikl\u0259rind\u0259n ayr\u0131lma\u011f\u0131n ac\u0131s\u0131n\u0131 hiss ed\u0259rk\u0259n, eyni zamanda yeni bir ba\u015flan\u011f\u0131c\u0131n h\u0259y\u0259can\u0131n\u0131 da duydu\u011funu g\u00f6st\u0259rir. G\u0259lin, evl\u0259ndikd\u0259n sonra anas\u0131ndan ayr\u0131laraq yeni bir h\u0259yata ba\u015flay\u0131r, bu &#8230; <a title=\"G\u0259lin Anas\u0131na H\u0259m A\u011flar, H\u0259m d\u0259 &#8220;gedir\u0259m* Dey\u0259r\" class=\"read-more\" href=\"https:\/\/nedir.az\/atalar-sozleri\/gelin-anasina-hem-aglar-hem-de-gedirem-deyer-atalar-sozunun-menasi-nedir\" aria-label=\"Read more about G\u0259lin Anas\u0131na H\u0259m A\u011flar, H\u0259m d\u0259 &#8220;gedir\u0259m* Dey\u0259r\">Read more<\/a><\/p>\n","protected":false},"author":2,"featured_media":0,"comment_status":"open","ping_status":"open","sticky":false,"template":"","format":"standard","meta":{"footnotes":""},"categories":[1],"tags":[],"class_list":["post-6678","post","type-post","status-publish","format-standard","hentry","category-atalar-sozleri-atalar-sozu"],"aioseo_notices":[],"_links":{"self":[{"href":"https:\/\/nedir.az\/atalar-sozleri\/wp-json\/wp\/v2\/posts\/6678","targetHints":{"allow":["GET"]}}],"collection":[{"href":"https:\/\/nedir.az\/atalar-sozleri\/wp-json\/wp\/v2\/posts"}],"about":[{"href":"https:\/\/nedir.az\/atalar-sozleri\/wp-json\/wp\/v2\/types\/post"}],"author":[{"embeddable":true,"href":"https:\/\/nedir.az\/atalar-sozleri\/wp-json\/wp\/v2\/users\/2"}],"replies":[{"embeddable":true,"href":"https:\/\/nedir.az\/atalar-sozleri\/wp-json\/wp\/v2\/comments?post=6678"}],"version-history":[{"count":0,"href":"https:\/\/nedir.az\/atalar-sozleri\/wp-json\/wp\/v2\/posts\/6678\/revisions"}],"wp:attachment":[{"href":"https:\/\/nedir.az\/atalar-sozleri\/wp-json\/wp\/v2\/media?parent=6678"}],"wp:term":[{"taxonomy":"category","embeddable":true,"href":"https:\/\/nedir.az\/atalar-sozleri\/wp-json\/wp\/v2\/categories?post=6678"},{"taxonomy":"post_tag","embeddable":true,"href":"https:\/\/nedir.az\/atalar-sozleri\/wp-json\/wp\/v2\/tags?post=6678"}],"curies":[{"name":"wp","href":"https:\/\/api.w.org\/{rel}","templated":true}]}}