{"id":6675,"date":"2024-09-06T21:34:22","date_gmt":"2024-09-06T21:34:22","guid":{"rendered":""},"modified":"-0001-11-30T00:00:00","modified_gmt":"-0001-11-29T21:00:00","slug":"gelen-qismetini-yeyer","status":"publish","type":"post","link":"https:\/\/nedir.az\/atalar-sozleri\/gelen-qismetini-yeyer-atalar-sozunun-menasi-nedir","title":{"rendered":"G\u0259l\u0259n Qism\u0259tini Yey\u0259r"},"content":{"rendered":"<p>\u201cg\u0259l\u0259n qism\u0259tini yey\u0259r\u201d atalar s\u00f6z\u00fcn\u00fcn m\u0259nas\u0131, insan\u0131n qar\u015f\u0131s\u0131na \u00e7\u0131xan imkanlar\u0131 d\u0259y\u0259rl\u0259ndirm\u0259si v\u0259 onlardan faydalanmas\u0131 laz\u0131m oldu\u011funu vur\u011fulay\u0131r. Bu s\u00f6z, h\u0259yat\u0131n g\u0259tirdiyi f\u00fcrs\u0259tl\u0259rin d\u0259y\u0259rl\u0259ndirilm\u0259sinin \u0259h\u0259miyy\u0259tini, eyni zamanda, g\u0259l\u0259c\u0259kd\u0259ki imkanlar\u0131n da haz\u0131rda olanlardan as\u0131l\u0131 oldu\u011funu g\u00f6st\u0259rir. \u0130nsanlar, \u00f6zl\u0259rin\u0259 t\u0259qdim olunan \u015fanslar\u0131 qa\u00e7\u0131rmamal\u0131d\u0131rlar, \u00e7\u00fcnki bu \u015fanslar b\u0259z\u0259n bir daha geri d\u00f6nm\u0259y\u0259 bil\u0259r.<\/p>\n<p><b>Q\u0131sa M\u0259nas\u0131<\/b><br \/> \u0130nsanlar qar\u015f\u0131lar\u0131na \u00e7\u0131xan imkanlar\u0131 d\u0259y\u0259rl\u0259ndirm\u0259lidir.<\/p>\n","protected":false},"excerpt":{"rendered":"<p>\u201cg\u0259l\u0259n qism\u0259tini yey\u0259r\u201d atalar s\u00f6z\u00fcn\u00fcn m\u0259nas\u0131, insan\u0131n qar\u015f\u0131s\u0131na \u00e7\u0131xan imkanlar\u0131 d\u0259y\u0259rl\u0259ndirm\u0259si v\u0259 onlardan faydalanmas\u0131 laz\u0131m oldu\u011funu vur\u011fulay\u0131r. Bu s\u00f6z, h\u0259yat\u0131n g\u0259tirdiyi f\u00fcrs\u0259tl\u0259rin d\u0259y\u0259rl\u0259ndirilm\u0259sinin \u0259h\u0259miyy\u0259tini, eyni zamanda, g\u0259l\u0259c\u0259kd\u0259ki imkanlar\u0131n da haz\u0131rda olanlardan as\u0131l\u0131 oldu\u011funu g\u00f6st\u0259rir. \u0130nsanlar, \u00f6zl\u0259rin\u0259 t\u0259qdim olunan \u015fanslar\u0131 qa\u00e7\u0131rmamal\u0131d\u0131rlar, \u00e7\u00fcnki bu \u015fanslar b\u0259z\u0259n bir daha geri d\u00f6nm\u0259y\u0259 bil\u0259r. Q\u0131sa M\u0259nas\u0131 \u0130nsanlar qar\u015f\u0131lar\u0131na \u00e7\u0131xan imkanlar\u0131 &#8230; <a title=\"G\u0259l\u0259n Qism\u0259tini Yey\u0259r\" class=\"read-more\" href=\"https:\/\/nedir.az\/atalar-sozleri\/gelen-qismetini-yeyer-atalar-sozunun-menasi-nedir\" aria-label=\"Read more about G\u0259l\u0259n Qism\u0259tini Yey\u0259r\">Read more<\/a><\/p>\n","protected":false},"author":2,"featured_media":0,"comment_status":"open","ping_status":"open","sticky":false,"template":"","format":"standard","meta":{"footnotes":""},"categories":[1],"tags":[],"class_list":["post-6675","post","type-post","status-publish","format-standard","hentry","category-atalar-sozleri-atalar-sozu"],"aioseo_notices":[],"_links":{"self":[{"href":"https:\/\/nedir.az\/atalar-sozleri\/wp-json\/wp\/v2\/posts\/6675","targetHints":{"allow":["GET"]}}],"collection":[{"href":"https:\/\/nedir.az\/atalar-sozleri\/wp-json\/wp\/v2\/posts"}],"about":[{"href":"https:\/\/nedir.az\/atalar-sozleri\/wp-json\/wp\/v2\/types\/post"}],"author":[{"embeddable":true,"href":"https:\/\/nedir.az\/atalar-sozleri\/wp-json\/wp\/v2\/users\/2"}],"replies":[{"embeddable":true,"href":"https:\/\/nedir.az\/atalar-sozleri\/wp-json\/wp\/v2\/comments?post=6675"}],"version-history":[{"count":0,"href":"https:\/\/nedir.az\/atalar-sozleri\/wp-json\/wp\/v2\/posts\/6675\/revisions"}],"wp:attachment":[{"href":"https:\/\/nedir.az\/atalar-sozleri\/wp-json\/wp\/v2\/media?parent=6675"}],"wp:term":[{"taxonomy":"category","embeddable":true,"href":"https:\/\/nedir.az\/atalar-sozleri\/wp-json\/wp\/v2\/categories?post=6675"},{"taxonomy":"post_tag","embeddable":true,"href":"https:\/\/nedir.az\/atalar-sozleri\/wp-json\/wp\/v2\/tags?post=6675"}],"curies":[{"name":"wp","href":"https:\/\/api.w.org\/{rel}","templated":true}]}}