{"id":6665,"date":"2024-09-06T21:34:22","date_gmt":"2024-09-06T21:34:22","guid":{"rendered":""},"modified":"-0001-11-30T00:00:00","modified_gmt":"-0001-11-29T21:00:00","slug":"gel-bir-addim-gelim-iki-addim","status":"publish","type":"post","link":"https:\/\/nedir.az\/atalar-sozleri\/gel-bir-addim-gelim-iki-addim-atalar-sozunun-menasi-nedir","title":{"rendered":"G\u0259l Bir Add\u0131m, G\u0259lim Iki Add\u0131m"},"content":{"rendered":"<p>\u201cg\u0259l bir add\u0131m, g\u0259lim iki add\u0131m\u201d atalar s\u00f6z\u00fc, insanlara bir-birin\u0259 yax\u0131nla\u015fma\u011f\u0131, dostluq v\u0259 yard\u0131mla\u015fma\u011f\u0131 t\u0259\u015fviq ed\u0259n bir ifad\u0259dir. Bu atalar s\u00f6z\u00fc, bir insan\u0131n bir add\u0131m atmas\u0131 il\u0259, qar\u015f\u0131 t\u0259r\u0259fin daha \u00e7ox add\u0131m ataca\u011f\u0131na i\u015far\u0259 edir. Y\u0259ni, bir insan\u0131n dostluq, yard\u0131m v\u0259 ya \u0259m\u0259kda\u015fl\u0131q \u00fc\u00e7\u00fcn ilk add\u0131m\u0131 atmas\u0131, dig\u0259rinin d\u0259 daha \u00e7ox m\u00fcsb\u0259t reaksiya ver\u0259c\u0259yini g\u00f6st\u0259rir. Bu, insanlar\u0131n bir-birin\u0259 d\u0259st\u0259k olmas\u0131n\u0131n, birg\u0259 f\u0259aliyy\u0259tin v\u0259 qar\u015f\u0131l\u0131ql\u0131 anlay\u0131\u015f\u0131n \u0259h\u0259miyy\u0259tini vur\u011fulay\u0131r.<\/p>\n<p><b>Q\u0131sa M\u0259nas\u0131<\/b><br \/> Bir insan\u0131n dostluq v\u0259 ya yard\u0131m \u00fc\u00e7\u00fcn ilk add\u0131m\u0131 atmas\u0131, qar\u015f\u0131 t\u0259r\u0259fin daha \u00e7ox m\u00fcsb\u0259t reaksiya ver\u0259c\u0259yini g\u00f6st\u0259rir.<\/p>\n","protected":false},"excerpt":{"rendered":"<p>\u201cg\u0259l bir add\u0131m, g\u0259lim iki add\u0131m\u201d atalar s\u00f6z\u00fc, insanlara bir-birin\u0259 yax\u0131nla\u015fma\u011f\u0131, dostluq v\u0259 yard\u0131mla\u015fma\u011f\u0131 t\u0259\u015fviq ed\u0259n bir ifad\u0259dir. Bu atalar s\u00f6z\u00fc, bir insan\u0131n bir add\u0131m atmas\u0131 il\u0259, qar\u015f\u0131 t\u0259r\u0259fin daha \u00e7ox add\u0131m ataca\u011f\u0131na i\u015far\u0259 edir. Y\u0259ni, bir insan\u0131n dostluq, yard\u0131m v\u0259 ya \u0259m\u0259kda\u015fl\u0131q \u00fc\u00e7\u00fcn ilk add\u0131m\u0131 atmas\u0131, dig\u0259rinin d\u0259 daha \u00e7ox m\u00fcsb\u0259t reaksiya ver\u0259c\u0259yini g\u00f6st\u0259rir. &#8230; <a title=\"G\u0259l Bir Add\u0131m, G\u0259lim Iki Add\u0131m\" class=\"read-more\" href=\"https:\/\/nedir.az\/atalar-sozleri\/gel-bir-addim-gelim-iki-addim-atalar-sozunun-menasi-nedir\" aria-label=\"Read more about G\u0259l Bir Add\u0131m, G\u0259lim Iki Add\u0131m\">Read more<\/a><\/p>\n","protected":false},"author":2,"featured_media":0,"comment_status":"open","ping_status":"open","sticky":false,"template":"","format":"standard","meta":{"footnotes":""},"categories":[1],"tags":[],"class_list":["post-6665","post","type-post","status-publish","format-standard","hentry","category-atalar-sozleri-atalar-sozu"],"aioseo_notices":[],"_links":{"self":[{"href":"https:\/\/nedir.az\/atalar-sozleri\/wp-json\/wp\/v2\/posts\/6665","targetHints":{"allow":["GET"]}}],"collection":[{"href":"https:\/\/nedir.az\/atalar-sozleri\/wp-json\/wp\/v2\/posts"}],"about":[{"href":"https:\/\/nedir.az\/atalar-sozleri\/wp-json\/wp\/v2\/types\/post"}],"author":[{"embeddable":true,"href":"https:\/\/nedir.az\/atalar-sozleri\/wp-json\/wp\/v2\/users\/2"}],"replies":[{"embeddable":true,"href":"https:\/\/nedir.az\/atalar-sozleri\/wp-json\/wp\/v2\/comments?post=6665"}],"version-history":[{"count":0,"href":"https:\/\/nedir.az\/atalar-sozleri\/wp-json\/wp\/v2\/posts\/6665\/revisions"}],"wp:attachment":[{"href":"https:\/\/nedir.az\/atalar-sozleri\/wp-json\/wp\/v2\/media?parent=6665"}],"wp:term":[{"taxonomy":"category","embeddable":true,"href":"https:\/\/nedir.az\/atalar-sozleri\/wp-json\/wp\/v2\/categories?post=6665"},{"taxonomy":"post_tag","embeddable":true,"href":"https:\/\/nedir.az\/atalar-sozleri\/wp-json\/wp\/v2\/tags?post=6665"}],"curies":[{"name":"wp","href":"https:\/\/api.w.org\/{rel}","templated":true}]}}