{"id":6663,"date":"2024-09-06T21:34:22","date_gmt":"2024-09-06T21:34:22","guid":{"rendered":""},"modified":"-0001-11-30T00:00:00","modified_gmt":"-0001-11-29T21:00:00","slug":"getmisdi-kabab-iyine-gordu-ki-essek-daglayirlar","status":"publish","type":"post","link":"https:\/\/nedir.az\/atalar-sozleri\/getmisdi-kabab-iyine-gordu-ki-essek-daglayirlar-atalar-sozunun-menasi-nedir","title":{"rendered":"Getmi\u015fdi Kabab Iyin\u0259, G\u00f6rd\u00fc Ki, E\u015f\u015f\u0259k Da\u011flay\u0131rlar"},"content":{"rendered":"<p>&#8220;getmi\u015fdi kabab iyin\u0259, g\u00f6rd\u00fc ki, e\u015f\u015f\u0259k da\u011flay\u0131rlar&#8221; atalar s\u00f6z\u00fc, insanlar\u0131n ba\u015fqalar\u0131n\u0131n i\u015fl\u0259rin\u0259, x\u00fcsusil\u0259 d\u0259 m\u0259nfi v\u0259 ya g\u00fcl\u00fcnc v\u0259ziyy\u0259tl\u0259rin\u0259, maraq g\u00f6st\u0259rm\u0259l\u0259rinin v\u0259 ya onlara la\u011f etm\u0259l\u0259rinin n\u0259tic\u0259sind\u0259 \u00f6zl\u0259rinin d\u0259 eyni v\u0259ziyy\u0259t\u0259 d\u00fc\u015f\u0259 bil\u0259c\u0259yini ifad\u0259 edir. Bu atalar s\u00f6z\u00fc, b\u0259z\u0259n ba\u015fqalar\u0131n\u0131n \u00e7\u0259tinlikl\u0259rin\u0259 g\u00fclm\u0259yin, ya da onlar\u0131n u\u011fursuzluqlar\u0131n\u0131 izl\u0259m\u0259yin, insan\u0131n \u00f6z\u00fcn\u00fc d\u0259 eyni v\u0259ziyy\u0259t\u0259 salma riski da\u015f\u0131d\u0131\u011f\u0131n\u0131 vur\u011fulay\u0131r. <\/p>\n<p><b>Q\u0131sa M\u0259nas\u0131<\/b><br \/> <br \/>\nBa\u015fqalar\u0131n\u0131n \u00e7\u0259tinlikl\u0259rin\u0259 g\u00fclm\u0259k, \u00f6z\u00fcn\u00fc d\u0259 eyni v\u0259ziyy\u0259t\u0259 salma riskini da\u015f\u0131y\u0131r.<\/p>\n","protected":false},"excerpt":{"rendered":"<p>&#8220;getmi\u015fdi kabab iyin\u0259, g\u00f6rd\u00fc ki, e\u015f\u015f\u0259k da\u011flay\u0131rlar&#8221; atalar s\u00f6z\u00fc, insanlar\u0131n ba\u015fqalar\u0131n\u0131n i\u015fl\u0259rin\u0259, x\u00fcsusil\u0259 d\u0259 m\u0259nfi v\u0259 ya g\u00fcl\u00fcnc v\u0259ziyy\u0259tl\u0259rin\u0259, maraq g\u00f6st\u0259rm\u0259l\u0259rinin v\u0259 ya onlara la\u011f etm\u0259l\u0259rinin n\u0259tic\u0259sind\u0259 \u00f6zl\u0259rinin d\u0259 eyni v\u0259ziyy\u0259t\u0259 d\u00fc\u015f\u0259 bil\u0259c\u0259yini ifad\u0259 edir. Bu atalar s\u00f6z\u00fc, b\u0259z\u0259n ba\u015fqalar\u0131n\u0131n \u00e7\u0259tinlikl\u0259rin\u0259 g\u00fclm\u0259yin, ya da onlar\u0131n u\u011fursuzluqlar\u0131n\u0131 izl\u0259m\u0259yin, insan\u0131n \u00f6z\u00fcn\u00fc d\u0259 eyni v\u0259ziyy\u0259t\u0259 salma riski da\u015f\u0131d\u0131\u011f\u0131n\u0131 &#8230; <a title=\"Getmi\u015fdi Kabab Iyin\u0259, G\u00f6rd\u00fc Ki, E\u015f\u015f\u0259k Da\u011flay\u0131rlar\" class=\"read-more\" href=\"https:\/\/nedir.az\/atalar-sozleri\/getmisdi-kabab-iyine-gordu-ki-essek-daglayirlar-atalar-sozunun-menasi-nedir\" aria-label=\"Read more about Getmi\u015fdi Kabab Iyin\u0259, G\u00f6rd\u00fc Ki, E\u015f\u015f\u0259k Da\u011flay\u0131rlar\">Read more<\/a><\/p>\n","protected":false},"author":2,"featured_media":0,"comment_status":"open","ping_status":"open","sticky":false,"template":"","format":"standard","meta":{"footnotes":""},"categories":[1],"tags":[],"class_list":["post-6663","post","type-post","status-publish","format-standard","hentry","category-atalar-sozleri-atalar-sozu"],"aioseo_notices":[],"_links":{"self":[{"href":"https:\/\/nedir.az\/atalar-sozleri\/wp-json\/wp\/v2\/posts\/6663","targetHints":{"allow":["GET"]}}],"collection":[{"href":"https:\/\/nedir.az\/atalar-sozleri\/wp-json\/wp\/v2\/posts"}],"about":[{"href":"https:\/\/nedir.az\/atalar-sozleri\/wp-json\/wp\/v2\/types\/post"}],"author":[{"embeddable":true,"href":"https:\/\/nedir.az\/atalar-sozleri\/wp-json\/wp\/v2\/users\/2"}],"replies":[{"embeddable":true,"href":"https:\/\/nedir.az\/atalar-sozleri\/wp-json\/wp\/v2\/comments?post=6663"}],"version-history":[{"count":0,"href":"https:\/\/nedir.az\/atalar-sozleri\/wp-json\/wp\/v2\/posts\/6663\/revisions"}],"wp:attachment":[{"href":"https:\/\/nedir.az\/atalar-sozleri\/wp-json\/wp\/v2\/media?parent=6663"}],"wp:term":[{"taxonomy":"category","embeddable":true,"href":"https:\/\/nedir.az\/atalar-sozleri\/wp-json\/wp\/v2\/categories?post=6663"},{"taxonomy":"post_tag","embeddable":true,"href":"https:\/\/nedir.az\/atalar-sozleri\/wp-json\/wp\/v2\/tags?post=6663"}],"curies":[{"name":"wp","href":"https:\/\/api.w.org\/{rel}","templated":true}]}}