{"id":6649,"date":"2024-09-06T21:34:21","date_gmt":"2024-09-06T21:34:21","guid":{"rendered":""},"modified":"-0001-11-30T00:00:00","modified_gmt":"-0001-11-29T21:00:00","slug":"gedene-yoldas-gelene-qardas","status":"publish","type":"post","link":"https:\/\/nedir.az\/atalar-sozleri\/gedene-yoldas-gelene-qardas-atalar-sozunun-menasi-nedir","title":{"rendered":"Ged\u0259n\u0259 Yolda\u015f, G\u0259l\u0259n\u0259 Qarda\u015f"},"content":{"rendered":"<p>&#8220;ged\u0259n\u0259 yolda\u015f, g\u0259l\u0259n\u0259 qarda\u015f&#8221; atalar s\u00f6z\u00fcn\u00fcn m\u0259nas\u0131, insan\u0131n yolda\u015fl\u0131q v\u0259 dostluq m\u00fcnasib\u0259tl\u0259rini vur\u011fulayan bir ifad\u0259dir. Bu atalar s\u00f6z\u00fc, bir insan\u0131n yola \u00e7\u0131xark\u0259n ona yolda\u015fl\u0131q ed\u0259nl\u0259rin, y\u0259ni dostlar\u0131n d\u0259y\u0259rini, eyni zamanda geri d\u00f6n\u0259nl\u0259rin, y\u0259ni qonaqlar\u0131n v\u0259 ya tan\u0131\u015flar\u0131n \u0259h\u0259miyy\u0259tini ifad\u0259 edir. Bu, h\u0259m d\u0259 insanlar\u0131n bir-birin\u0259 d\u0259st\u0259k olmas\u0131n\u0131n, birg\u0259 ya\u015fam\u0131n v\u0259 qar\u015f\u0131l\u0131ql\u0131 m\u00fcnasib\u0259tl\u0259rin \u00f6n\u0259mini g\u00f6st\u0259rir. Bel\u0259likl\u0259, bu atalar s\u00f6z\u00fc, dostluq, yolda\u015fl\u0131q v\u0259 qonaqp\u0259rv\u0259rlik kimi d\u0259y\u0259rl\u0259ri \u00f6n plana \u00e7\u0131xar\u0131r.<\/p>\n<p><b>Q\u0131sa M\u0259nas\u0131<\/b><br \/>Yolda\u015fl\u0131q v\u0259 dostlu\u011fun \u0259h\u0259miyy\u0259tini vur\u011fulayan bir ifad\u0259dir.<\/p>\n","protected":false},"excerpt":{"rendered":"<p>&#8220;ged\u0259n\u0259 yolda\u015f, g\u0259l\u0259n\u0259 qarda\u015f&#8221; atalar s\u00f6z\u00fcn\u00fcn m\u0259nas\u0131, insan\u0131n yolda\u015fl\u0131q v\u0259 dostluq m\u00fcnasib\u0259tl\u0259rini vur\u011fulayan bir ifad\u0259dir. Bu atalar s\u00f6z\u00fc, bir insan\u0131n yola \u00e7\u0131xark\u0259n ona yolda\u015fl\u0131q ed\u0259nl\u0259rin, y\u0259ni dostlar\u0131n d\u0259y\u0259rini, eyni zamanda geri d\u00f6n\u0259nl\u0259rin, y\u0259ni qonaqlar\u0131n v\u0259 ya tan\u0131\u015flar\u0131n \u0259h\u0259miyy\u0259tini ifad\u0259 edir. Bu, h\u0259m d\u0259 insanlar\u0131n bir-birin\u0259 d\u0259st\u0259k olmas\u0131n\u0131n, birg\u0259 ya\u015fam\u0131n v\u0259 qar\u015f\u0131l\u0131ql\u0131 m\u00fcnasib\u0259tl\u0259rin \u00f6n\u0259mini g\u00f6st\u0259rir. Bel\u0259likl\u0259, &#8230; <a title=\"Ged\u0259n\u0259 Yolda\u015f, G\u0259l\u0259n\u0259 Qarda\u015f\" class=\"read-more\" href=\"https:\/\/nedir.az\/atalar-sozleri\/gedene-yoldas-gelene-qardas-atalar-sozunun-menasi-nedir\" aria-label=\"Read more about Ged\u0259n\u0259 Yolda\u015f, G\u0259l\u0259n\u0259 Qarda\u015f\">Read more<\/a><\/p>\n","protected":false},"author":2,"featured_media":0,"comment_status":"open","ping_status":"open","sticky":false,"template":"","format":"standard","meta":{"footnotes":""},"categories":[1],"tags":[],"class_list":["post-6649","post","type-post","status-publish","format-standard","hentry","category-atalar-sozleri-atalar-sozu"],"aioseo_notices":[],"_links":{"self":[{"href":"https:\/\/nedir.az\/atalar-sozleri\/wp-json\/wp\/v2\/posts\/6649","targetHints":{"allow":["GET"]}}],"collection":[{"href":"https:\/\/nedir.az\/atalar-sozleri\/wp-json\/wp\/v2\/posts"}],"about":[{"href":"https:\/\/nedir.az\/atalar-sozleri\/wp-json\/wp\/v2\/types\/post"}],"author":[{"embeddable":true,"href":"https:\/\/nedir.az\/atalar-sozleri\/wp-json\/wp\/v2\/users\/2"}],"replies":[{"embeddable":true,"href":"https:\/\/nedir.az\/atalar-sozleri\/wp-json\/wp\/v2\/comments?post=6649"}],"version-history":[{"count":0,"href":"https:\/\/nedir.az\/atalar-sozleri\/wp-json\/wp\/v2\/posts\/6649\/revisions"}],"wp:attachment":[{"href":"https:\/\/nedir.az\/atalar-sozleri\/wp-json\/wp\/v2\/media?parent=6649"}],"wp:term":[{"taxonomy":"category","embeddable":true,"href":"https:\/\/nedir.az\/atalar-sozleri\/wp-json\/wp\/v2\/categories?post=6649"},{"taxonomy":"post_tag","embeddable":true,"href":"https:\/\/nedir.az\/atalar-sozleri\/wp-json\/wp\/v2\/tags?post=6649"}],"curies":[{"name":"wp","href":"https:\/\/api.w.org\/{rel}","templated":true}]}}