{"id":6643,"date":"2024-09-06T21:34:21","date_gmt":"2024-09-06T21:34:21","guid":{"rendered":""},"modified":"-0001-11-30T00:00:00","modified_gmt":"-0001-11-29T21:00:00","slug":"gecenin-xeyrinden-gunduzun-seri-yaxsidir","status":"publish","type":"post","link":"https:\/\/nedir.az\/atalar-sozleri\/gecenin-xeyrinden-gunduzun-seri-yaxsidir-atalar-sozunun-menasi-nedir","title":{"rendered":"Gec\u0259nin Xeyrind\u0259n G\u00fcnd\u00fcz\u00fcn \u015e\u0259ri Yax\u015f\u0131d\u0131r"},"content":{"rendered":"<p>&#8220;gec\u0259nin xeyrind\u0259n g\u00fcnd\u00fcz\u00fcn \u015f\u0259ri yax\u015f\u0131d\u0131r&#8221; atalar s\u00f6z\u00fcn\u00fcn m\u0259nas\u0131, gec\u0259 vaxt\u0131 ba\u015f ver\u0259n m\u00fcsb\u0259t hadis\u0259l\u0259rin, g\u00fcnd\u00fcz vaxt\u0131 ba\u015f ver\u0259n m\u0259nfi hadis\u0259l\u0259rd\u0259n daha \u00fcst\u00fcn oldu\u011funu ifad\u0259 edir. Bu s\u00f6z, insanlar\u0131n h\u0259yat\u0131nda gec\u0259nin, y\u0259ni dinclik v\u0259 rahatl\u0131q d\u00f6vr\u00fcn\u00fcn, g\u00fcnd\u00fcz\u00fcn is\u0259 \u00e7\u0259tinlik v\u0259 probleml\u0259rl\u0259 dolu oldu\u011funu vur\u011fulay\u0131r. H\u0259m\u00e7inin, bu atalar s\u00f6z\u00fc, b\u0259z\u0259n \u00e7\u0259tinlikl\u0259rin arxas\u0131nda yax\u015f\u0131l\u0131qlar\u0131n gizl\u0259n\u0259 bil\u0259c\u0259yini, g\u00fcnd\u00fcz\u00fcn \u00e7\u0259tinlikl\u0259rinin gec\u0259nin rahatl\u0131\u011f\u0131 il\u0259 m\u00fcqayis\u0259d\u0259 daha az \u0259h\u0259miyy\u0259tli oldu\u011funu da bildirir. <\/p>\n<p><b>Q\u0131sa M\u0259nas\u0131<\/b><br \/>Gec\u0259 vaxt\u0131 ba\u015f ver\u0259n m\u00fcsb\u0259t hadis\u0259l\u0259r, g\u00fcnd\u00fcz vaxt\u0131 ba\u015f ver\u0259n m\u0259nfi hadis\u0259l\u0259rd\u0259n daha \u00fcst\u00fcnd\u00fcr.<\/p>\n","protected":false},"excerpt":{"rendered":"<p>&#8220;gec\u0259nin xeyrind\u0259n g\u00fcnd\u00fcz\u00fcn \u015f\u0259ri yax\u015f\u0131d\u0131r&#8221; atalar s\u00f6z\u00fcn\u00fcn m\u0259nas\u0131, gec\u0259 vaxt\u0131 ba\u015f ver\u0259n m\u00fcsb\u0259t hadis\u0259l\u0259rin, g\u00fcnd\u00fcz vaxt\u0131 ba\u015f ver\u0259n m\u0259nfi hadis\u0259l\u0259rd\u0259n daha \u00fcst\u00fcn oldu\u011funu ifad\u0259 edir. Bu s\u00f6z, insanlar\u0131n h\u0259yat\u0131nda gec\u0259nin, y\u0259ni dinclik v\u0259 rahatl\u0131q d\u00f6vr\u00fcn\u00fcn, g\u00fcnd\u00fcz\u00fcn is\u0259 \u00e7\u0259tinlik v\u0259 probleml\u0259rl\u0259 dolu oldu\u011funu vur\u011fulay\u0131r. H\u0259m\u00e7inin, bu atalar s\u00f6z\u00fc, b\u0259z\u0259n \u00e7\u0259tinlikl\u0259rin arxas\u0131nda yax\u015f\u0131l\u0131qlar\u0131n gizl\u0259n\u0259 bil\u0259c\u0259yini, g\u00fcnd\u00fcz\u00fcn \u00e7\u0259tinlikl\u0259rinin &#8230; <a title=\"Gec\u0259nin Xeyrind\u0259n G\u00fcnd\u00fcz\u00fcn \u015e\u0259ri Yax\u015f\u0131d\u0131r\" class=\"read-more\" href=\"https:\/\/nedir.az\/atalar-sozleri\/gecenin-xeyrinden-gunduzun-seri-yaxsidir-atalar-sozunun-menasi-nedir\" aria-label=\"Read more about Gec\u0259nin Xeyrind\u0259n G\u00fcnd\u00fcz\u00fcn \u015e\u0259ri Yax\u015f\u0131d\u0131r\">Read more<\/a><\/p>\n","protected":false},"author":2,"featured_media":0,"comment_status":"open","ping_status":"open","sticky":false,"template":"","format":"standard","meta":{"footnotes":""},"categories":[1],"tags":[],"class_list":["post-6643","post","type-post","status-publish","format-standard","hentry","category-atalar-sozleri-atalar-sozu"],"aioseo_notices":[],"_links":{"self":[{"href":"https:\/\/nedir.az\/atalar-sozleri\/wp-json\/wp\/v2\/posts\/6643","targetHints":{"allow":["GET"]}}],"collection":[{"href":"https:\/\/nedir.az\/atalar-sozleri\/wp-json\/wp\/v2\/posts"}],"about":[{"href":"https:\/\/nedir.az\/atalar-sozleri\/wp-json\/wp\/v2\/types\/post"}],"author":[{"embeddable":true,"href":"https:\/\/nedir.az\/atalar-sozleri\/wp-json\/wp\/v2\/users\/2"}],"replies":[{"embeddable":true,"href":"https:\/\/nedir.az\/atalar-sozleri\/wp-json\/wp\/v2\/comments?post=6643"}],"version-history":[{"count":0,"href":"https:\/\/nedir.az\/atalar-sozleri\/wp-json\/wp\/v2\/posts\/6643\/revisions"}],"wp:attachment":[{"href":"https:\/\/nedir.az\/atalar-sozleri\/wp-json\/wp\/v2\/media?parent=6643"}],"wp:term":[{"taxonomy":"category","embeddable":true,"href":"https:\/\/nedir.az\/atalar-sozleri\/wp-json\/wp\/v2\/categories?post=6643"},{"taxonomy":"post_tag","embeddable":true,"href":"https:\/\/nedir.az\/atalar-sozleri\/wp-json\/wp\/v2\/tags?post=6643"}],"curies":[{"name":"wp","href":"https:\/\/api.w.org\/{rel}","templated":true}]}}