{"id":6635,"date":"2024-09-06T21:34:21","date_gmt":"2024-09-06T21:34:21","guid":{"rendered":""},"modified":"-0001-11-30T00:00:00","modified_gmt":"-0001-11-29T21:00:00","slug":"gece-dirnaq-kesen-gunduz-nagil-danisan-elbet-gora-geder","status":"publish","type":"post","link":"https:\/\/nedir.az\/atalar-sozleri\/gece-dirnaq-kesen-gunduz-nagil-danisan-elbet-gora-geder-atalar-sozunun-menasi-nedir","title":{"rendered":"Gec\u0259 D\u0131rnaq K\u0259s\u0259n, G\u00fcnd\u00fcz Na\u011f\u0131l Dan\u0131\u015fan \u018flb\u0259t Gora Ged\u0259r"},"content":{"rendered":"<p>&#8220;gec\u0259 d\u0131rnaq k\u0259s\u0259n, g\u00fcnd\u00fcz na\u011f\u0131l dan\u0131\u015fan \u0259lb\u0259t gora ged\u0259r&#8221; atalar s\u00f6z\u00fc, insan\u0131n g\u00fcnd\u00fczl\u0259ri bo\u015f i\u015fl\u0259rl\u0259 m\u0259\u015f\u011ful olub, gec\u0259l\u0259ri is\u0259 \u0259h\u0259miyy\u0259tli i\u015fl\u0259r g\u00f6rm\u0259sinin n\u0259tic\u0259sind\u0259 u\u011fursuzlu\u011fa d\u00fc\u00e7ar olaca\u011f\u0131n\u0131 ifad\u0259 edir. Bu s\u00f6z, insan\u0131n vaxt\u0131n\u0131 d\u00fczg\u00fcn idar\u0259 etm\u0259sinin, \u0259h\u0259miyy\u0259tli i\u015fl\u0259r\u0259 diqq\u0259t yetirm\u0259sinin vacibliyini vur\u011fulay\u0131r. G\u00fcnd\u00fczl\u0259ri ciddi i\u015fl\u0259rl\u0259 m\u0259\u015f\u011ful olmaq, gec\u0259l\u0259ri is\u0259 istirah\u0259t etm\u0259k laz\u0131md\u0131r. \u018fks halda, insan\u0131n m\u0259qs\u0259dl\u0259rin\u0259 \u00e7atmas\u0131 \u00e7\u0259tinl\u0259\u015fir.<\/p>\n<p><b>Q\u0131sa M\u0259nas\u0131<\/b><br \/>\u0130\u015fl\u0259rin d\u00fczg\u00fcn planlanmamas\u0131 v\u0259 vaxt\u0131n s\u0259m\u0259r\u0259li istifad\u0259 edilm\u0259m\u0259si u\u011fursuzlu\u011fa s\u0259b\u0259b olur.<\/p>\n","protected":false},"excerpt":{"rendered":"<p>&#8220;gec\u0259 d\u0131rnaq k\u0259s\u0259n, g\u00fcnd\u00fcz na\u011f\u0131l dan\u0131\u015fan \u0259lb\u0259t gora ged\u0259r&#8221; atalar s\u00f6z\u00fc, insan\u0131n g\u00fcnd\u00fczl\u0259ri bo\u015f i\u015fl\u0259rl\u0259 m\u0259\u015f\u011ful olub, gec\u0259l\u0259ri is\u0259 \u0259h\u0259miyy\u0259tli i\u015fl\u0259r g\u00f6rm\u0259sinin n\u0259tic\u0259sind\u0259 u\u011fursuzlu\u011fa d\u00fc\u00e7ar olaca\u011f\u0131n\u0131 ifad\u0259 edir. Bu s\u00f6z, insan\u0131n vaxt\u0131n\u0131 d\u00fczg\u00fcn idar\u0259 etm\u0259sinin, \u0259h\u0259miyy\u0259tli i\u015fl\u0259r\u0259 diqq\u0259t yetirm\u0259sinin vacibliyini vur\u011fulay\u0131r. G\u00fcnd\u00fczl\u0259ri ciddi i\u015fl\u0259rl\u0259 m\u0259\u015f\u011ful olmaq, gec\u0259l\u0259ri is\u0259 istirah\u0259t etm\u0259k laz\u0131md\u0131r. \u018fks halda, insan\u0131n m\u0259qs\u0259dl\u0259rin\u0259 &#8230; <a title=\"Gec\u0259 D\u0131rnaq K\u0259s\u0259n, G\u00fcnd\u00fcz Na\u011f\u0131l Dan\u0131\u015fan \u018flb\u0259t Gora Ged\u0259r\" class=\"read-more\" href=\"https:\/\/nedir.az\/atalar-sozleri\/gece-dirnaq-kesen-gunduz-nagil-danisan-elbet-gora-geder-atalar-sozunun-menasi-nedir\" aria-label=\"Read more about Gec\u0259 D\u0131rnaq K\u0259s\u0259n, G\u00fcnd\u00fcz Na\u011f\u0131l Dan\u0131\u015fan \u018flb\u0259t Gora Ged\u0259r\">Read more<\/a><\/p>\n","protected":false},"author":2,"featured_media":0,"comment_status":"open","ping_status":"open","sticky":false,"template":"","format":"standard","meta":{"footnotes":""},"categories":[1],"tags":[],"class_list":["post-6635","post","type-post","status-publish","format-standard","hentry","category-atalar-sozleri-atalar-sozu"],"aioseo_notices":[],"_links":{"self":[{"href":"https:\/\/nedir.az\/atalar-sozleri\/wp-json\/wp\/v2\/posts\/6635","targetHints":{"allow":["GET"]}}],"collection":[{"href":"https:\/\/nedir.az\/atalar-sozleri\/wp-json\/wp\/v2\/posts"}],"about":[{"href":"https:\/\/nedir.az\/atalar-sozleri\/wp-json\/wp\/v2\/types\/post"}],"author":[{"embeddable":true,"href":"https:\/\/nedir.az\/atalar-sozleri\/wp-json\/wp\/v2\/users\/2"}],"replies":[{"embeddable":true,"href":"https:\/\/nedir.az\/atalar-sozleri\/wp-json\/wp\/v2\/comments?post=6635"}],"version-history":[{"count":0,"href":"https:\/\/nedir.az\/atalar-sozleri\/wp-json\/wp\/v2\/posts\/6635\/revisions"}],"wp:attachment":[{"href":"https:\/\/nedir.az\/atalar-sozleri\/wp-json\/wp\/v2\/media?parent=6635"}],"wp:term":[{"taxonomy":"category","embeddable":true,"href":"https:\/\/nedir.az\/atalar-sozleri\/wp-json\/wp\/v2\/categories?post=6635"},{"taxonomy":"post_tag","embeddable":true,"href":"https:\/\/nedir.az\/atalar-sozleri\/wp-json\/wp\/v2\/tags?post=6635"}],"curies":[{"name":"wp","href":"https:\/\/api.w.org\/{rel}","templated":true}]}}