{"id":6633,"date":"2024-09-06T21:34:21","date_gmt":"2024-09-06T21:34:21","guid":{"rendered":""},"modified":"-0001-11-30T00:00:00","modified_gmt":"-0001-11-29T21:00:00","slug":"gec-geldi-tez-oyrendi","status":"publish","type":"post","link":"https:\/\/nedir.az\/atalar-sozleri\/gec-geldi-tez-oyrendi-atalar-sozunun-menasi-nedir","title":{"rendered":"Ge\u00e7 G\u0259ldi, Tez \u00d6yr\u0259ndi"},"content":{"rendered":"<p>&#8220;ge\u00e7 g\u0259ldi, tez \u00f6yr\u0259ndi&#8221; atalar s\u00f6z\u00fc, bir insan\u0131n bir \u015fey\u0259 gec ba\u015flamas\u0131na baxmayaraq, q\u0131sa zamanda onu \u00f6yr\u0259n\u0259 bil\u0259c\u0259yini ifad\u0259 edir. Bu atalar s\u00f6z\u00fc, b\u0259z\u0259n insan\u0131n bir i\u015f\u0259 gec ba\u015flamas\u0131n\u0131n onun u\u011fur qazanmas\u0131na mane olmayaca\u011f\u0131n\u0131, \u0259ksin\u0259, \u0259g\u0259r insan ist\u0259kli v\u0259 \u00e7al\u0131\u015fqan olarsa, q\u0131sa zamanda m\u00fcv\u0259ff\u0259qiyy\u0259t \u0259ld\u0259 ed\u0259 bil\u0259c\u0259yini vur\u011fulay\u0131r. H\u0259m\u00e7inin, bu s\u00f6z, insanlar\u0131n \u00f6yr\u0259nm\u0259 qabiliyy\u0259tinin v\u0259 adaptasiya prosesinin s\u00fcr\u0259tini d\u0259 g\u00f6st\u0259rir.<\/p>\n<p><b>Q\u0131sa M\u0259nas\u0131<\/b><br \/>Gec ba\u015flayan, amma s\u00fcr\u0259tl\u0259 \u00f6yr\u0259n\u0259n insanlar\u0131 ifad\u0259 edir.<\/p>\n","protected":false},"excerpt":{"rendered":"<p>&#8220;ge\u00e7 g\u0259ldi, tez \u00f6yr\u0259ndi&#8221; atalar s\u00f6z\u00fc, bir insan\u0131n bir \u015fey\u0259 gec ba\u015flamas\u0131na baxmayaraq, q\u0131sa zamanda onu \u00f6yr\u0259n\u0259 bil\u0259c\u0259yini ifad\u0259 edir. Bu atalar s\u00f6z\u00fc, b\u0259z\u0259n insan\u0131n bir i\u015f\u0259 gec ba\u015flamas\u0131n\u0131n onun u\u011fur qazanmas\u0131na mane olmayaca\u011f\u0131n\u0131, \u0259ksin\u0259, \u0259g\u0259r insan ist\u0259kli v\u0259 \u00e7al\u0131\u015fqan olarsa, q\u0131sa zamanda m\u00fcv\u0259ff\u0259qiyy\u0259t \u0259ld\u0259 ed\u0259 bil\u0259c\u0259yini vur\u011fulay\u0131r. H\u0259m\u00e7inin, bu s\u00f6z, insanlar\u0131n \u00f6yr\u0259nm\u0259 qabiliyy\u0259tinin v\u0259 &#8230; <a title=\"Ge\u00e7 G\u0259ldi, Tez \u00d6yr\u0259ndi\" class=\"read-more\" href=\"https:\/\/nedir.az\/atalar-sozleri\/gec-geldi-tez-oyrendi-atalar-sozunun-menasi-nedir\" aria-label=\"Read more about Ge\u00e7 G\u0259ldi, Tez \u00d6yr\u0259ndi\">Read more<\/a><\/p>\n","protected":false},"author":2,"featured_media":0,"comment_status":"open","ping_status":"open","sticky":false,"template":"","format":"standard","meta":{"footnotes":""},"categories":[1],"tags":[],"class_list":["post-6633","post","type-post","status-publish","format-standard","hentry","category-atalar-sozleri-atalar-sozu"],"aioseo_notices":[],"_links":{"self":[{"href":"https:\/\/nedir.az\/atalar-sozleri\/wp-json\/wp\/v2\/posts\/6633","targetHints":{"allow":["GET"]}}],"collection":[{"href":"https:\/\/nedir.az\/atalar-sozleri\/wp-json\/wp\/v2\/posts"}],"about":[{"href":"https:\/\/nedir.az\/atalar-sozleri\/wp-json\/wp\/v2\/types\/post"}],"author":[{"embeddable":true,"href":"https:\/\/nedir.az\/atalar-sozleri\/wp-json\/wp\/v2\/users\/2"}],"replies":[{"embeddable":true,"href":"https:\/\/nedir.az\/atalar-sozleri\/wp-json\/wp\/v2\/comments?post=6633"}],"version-history":[{"count":0,"href":"https:\/\/nedir.az\/atalar-sozleri\/wp-json\/wp\/v2\/posts\/6633\/revisions"}],"wp:attachment":[{"href":"https:\/\/nedir.az\/atalar-sozleri\/wp-json\/wp\/v2\/media?parent=6633"}],"wp:term":[{"taxonomy":"category","embeddable":true,"href":"https:\/\/nedir.az\/atalar-sozleri\/wp-json\/wp\/v2\/categories?post=6633"},{"taxonomy":"post_tag","embeddable":true,"href":"https:\/\/nedir.az\/atalar-sozleri\/wp-json\/wp\/v2\/tags?post=6633"}],"curies":[{"name":"wp","href":"https:\/\/api.w.org\/{rel}","templated":true}]}}