{"id":6621,"date":"2024-09-06T21:34:21","date_gmt":"2024-09-06T21:34:21","guid":{"rendered":""},"modified":"-0001-11-30T00:00:00","modified_gmt":"-0001-11-29T21:00:00","slug":"fikri-neyse-zikri-de-odur","status":"publish","type":"post","link":"https:\/\/nedir.az\/atalar-sozleri\/fikri-neyse-zikri-de-odur-atalar-sozunun-menasi-nedir","title":{"rendered":"Fikri N\u0259ys\u0259, Zikri d\u0259 \u041edur"},"content":{"rendered":"<p>&#8220;fikri n\u0259ys\u0259, zikri d\u0259 \u043edur&#8221; atalar s\u00f6z\u00fcn\u00fcn m\u0259nas\u0131, bir insan\u0131n d\u00fc\u015f\u00fcnc\u0259l\u0259rinin v\u0259 niyy\u0259tl\u0259rinin, onun s\u00f6zl\u0259ri il\u0259 uy\u011fun oldu\u011funu ifad\u0259 edir. Bu atalar s\u00f6z\u00fc, insanlar\u0131n i\u00e7 d\u00fcnyas\u0131 il\u0259 xarici davran\u0131\u015flar\u0131 aras\u0131nda bir uy\u011funluq olmas\u0131n\u0131n vacibliyini vur\u011fulay\u0131r. Y\u0259ni, bir insan\u0131n dedikl\u0259ri, onun d\u00fc\u015f\u00fcnd\u00fckl\u0259ri il\u0259 eyni olmal\u0131d\u0131r. Bu, d\u00fcr\u00fcstl\u00fck v\u0259 s\u0259mimiyy\u0259t prinsipl\u0259rin\u0259 i\u015far\u0259 edir. \u0130nsanlar\u0131n s\u00f6zl\u0259ri il\u0259 \u0259m\u0259ll\u0259ri aras\u0131nda ziddiyy\u0259t olmamal\u0131d\u0131r, \u00e7\u00fcnki bu, etibars\u0131zl\u0131q yarada bil\u0259r.<\/p>\n<p><b>Q\u0131sa M\u0259nas\u0131<\/b><br \/> \u0130nsanlar\u0131n d\u00fc\u015f\u00fcnc\u0259l\u0259ri v\u0259 s\u00f6zl\u0259ri aras\u0131nda uy\u011funluq olmal\u0131d\u0131r.<\/p>\n","protected":false},"excerpt":{"rendered":"<p>&#8220;fikri n\u0259ys\u0259, zikri d\u0259 \u043edur&#8221; atalar s\u00f6z\u00fcn\u00fcn m\u0259nas\u0131, bir insan\u0131n d\u00fc\u015f\u00fcnc\u0259l\u0259rinin v\u0259 niyy\u0259tl\u0259rinin, onun s\u00f6zl\u0259ri il\u0259 uy\u011fun oldu\u011funu ifad\u0259 edir. Bu atalar s\u00f6z\u00fc, insanlar\u0131n i\u00e7 d\u00fcnyas\u0131 il\u0259 xarici davran\u0131\u015flar\u0131 aras\u0131nda bir uy\u011funluq olmas\u0131n\u0131n vacibliyini vur\u011fulay\u0131r. Y\u0259ni, bir insan\u0131n dedikl\u0259ri, onun d\u00fc\u015f\u00fcnd\u00fckl\u0259ri il\u0259 eyni olmal\u0131d\u0131r. Bu, d\u00fcr\u00fcstl\u00fck v\u0259 s\u0259mimiyy\u0259t prinsipl\u0259rin\u0259 i\u015far\u0259 edir. \u0130nsanlar\u0131n s\u00f6zl\u0259ri il\u0259 \u0259m\u0259ll\u0259ri &#8230; <a title=\"Fikri N\u0259ys\u0259, Zikri d\u0259 \u041edur\" class=\"read-more\" href=\"https:\/\/nedir.az\/atalar-sozleri\/fikri-neyse-zikri-de-odur-atalar-sozunun-menasi-nedir\" aria-label=\"Read more about Fikri N\u0259ys\u0259, Zikri d\u0259 \u041edur\">Read more<\/a><\/p>\n","protected":false},"author":2,"featured_media":0,"comment_status":"open","ping_status":"open","sticky":false,"template":"","format":"standard","meta":{"footnotes":""},"categories":[1],"tags":[],"class_list":["post-6621","post","type-post","status-publish","format-standard","hentry","category-atalar-sozleri-atalar-sozu"],"aioseo_notices":[],"_links":{"self":[{"href":"https:\/\/nedir.az\/atalar-sozleri\/wp-json\/wp\/v2\/posts\/6621","targetHints":{"allow":["GET"]}}],"collection":[{"href":"https:\/\/nedir.az\/atalar-sozleri\/wp-json\/wp\/v2\/posts"}],"about":[{"href":"https:\/\/nedir.az\/atalar-sozleri\/wp-json\/wp\/v2\/types\/post"}],"author":[{"embeddable":true,"href":"https:\/\/nedir.az\/atalar-sozleri\/wp-json\/wp\/v2\/users\/2"}],"replies":[{"embeddable":true,"href":"https:\/\/nedir.az\/atalar-sozleri\/wp-json\/wp\/v2\/comments?post=6621"}],"version-history":[{"count":0,"href":"https:\/\/nedir.az\/atalar-sozleri\/wp-json\/wp\/v2\/posts\/6621\/revisions"}],"wp:attachment":[{"href":"https:\/\/nedir.az\/atalar-sozleri\/wp-json\/wp\/v2\/media?parent=6621"}],"wp:term":[{"taxonomy":"category","embeddable":true,"href":"https:\/\/nedir.az\/atalar-sozleri\/wp-json\/wp\/v2\/categories?post=6621"},{"taxonomy":"post_tag","embeddable":true,"href":"https:\/\/nedir.az\/atalar-sozleri\/wp-json\/wp\/v2\/tags?post=6621"}],"curies":[{"name":"wp","href":"https:\/\/api.w.org\/{rel}","templated":true}]}}