{"id":6620,"date":"2024-09-06T21:34:21","date_gmt":"2024-09-06T21:34:21","guid":{"rendered":""},"modified":"-0001-11-30T00:00:00","modified_gmt":"-0001-11-29T21:00:00","slug":"fikirsiz-soz-danisma","status":"publish","type":"post","link":"https:\/\/nedir.az\/atalar-sozleri\/fikirsiz-soz-danisma-atalar-sozunun-menasi-nedir","title":{"rendered":"Fikirsiz S\u00f6z Dan\u0131\u015fma"},"content":{"rendered":"<p>&#8220;fikirsiz s\u00f6z dan\u0131\u015fma&#8221; atalar s\u00f6z\u00fcn\u00fcn m\u0259nas\u0131, d\u00fc\u015f\u00fcn\u00fclm\u0259mi\u015f, a\u011f\u0131ls\u0131zca v\u0259 ya s\u0259b\u0259bsiz yer\u0259 dan\u0131\u015fma\u011f\u0131n m\u0259nas\u0131z oldu\u011funu vur\u011fulay\u0131r. Bu atalar s\u00f6z\u00fc, insanlara dan\u0131\u015fmadan \u0259vv\u0259l d\u00fc\u015f\u00fcnm\u0259l\u0259rinin vacibliyini xat\u0131rlad\u0131r. H\u0259m\u00e7inin, ba\u015fqalar\u0131n\u0131n fikirl\u0259rini v\u0259 hissl\u0259rini n\u0259z\u0259r\u0259 almadan, d\u00fc\u015f\u00fcnc\u0259siz bir \u015f\u0259kild\u0259 dan\u0131\u015fma\u011f\u0131n n\u0259tic\u0259l\u0259rinin pis ola bil\u0259c\u0259yini bildirir. Bu, insanlar\u0131 daha diqq\u0259tli v\u0259 d\u00fc\u015f\u00fcnc\u0259li olma\u011fa t\u0259\u015fviq edir.<\/p>\n<p><b>Q\u0131sa M\u0259nas\u0131<\/b><br \/> D\u00fc\u015f\u00fcnm\u0259d\u0259n, fikirsiz dan\u0131\u015fma\u011f\u0131n m\u0259nas\u0131z oldu\u011funu vur\u011fulay\u0131r.<\/p>\n","protected":false},"excerpt":{"rendered":"<p>&#8220;fikirsiz s\u00f6z dan\u0131\u015fma&#8221; atalar s\u00f6z\u00fcn\u00fcn m\u0259nas\u0131, d\u00fc\u015f\u00fcn\u00fclm\u0259mi\u015f, a\u011f\u0131ls\u0131zca v\u0259 ya s\u0259b\u0259bsiz yer\u0259 dan\u0131\u015fma\u011f\u0131n m\u0259nas\u0131z oldu\u011funu vur\u011fulay\u0131r. Bu atalar s\u00f6z\u00fc, insanlara dan\u0131\u015fmadan \u0259vv\u0259l d\u00fc\u015f\u00fcnm\u0259l\u0259rinin vacibliyini xat\u0131rlad\u0131r. H\u0259m\u00e7inin, ba\u015fqalar\u0131n\u0131n fikirl\u0259rini v\u0259 hissl\u0259rini n\u0259z\u0259r\u0259 almadan, d\u00fc\u015f\u00fcnc\u0259siz bir \u015f\u0259kild\u0259 dan\u0131\u015fma\u011f\u0131n n\u0259tic\u0259l\u0259rinin pis ola bil\u0259c\u0259yini bildirir. Bu, insanlar\u0131 daha diqq\u0259tli v\u0259 d\u00fc\u015f\u00fcnc\u0259li olma\u011fa t\u0259\u015fviq edir. Q\u0131sa M\u0259nas\u0131 D\u00fc\u015f\u00fcnm\u0259d\u0259n, fikirsiz dan\u0131\u015fma\u011f\u0131n &#8230; <a title=\"Fikirsiz S\u00f6z Dan\u0131\u015fma\" class=\"read-more\" href=\"https:\/\/nedir.az\/atalar-sozleri\/fikirsiz-soz-danisma-atalar-sozunun-menasi-nedir\" aria-label=\"Read more about Fikirsiz S\u00f6z Dan\u0131\u015fma\">Read more<\/a><\/p>\n","protected":false},"author":2,"featured_media":0,"comment_status":"open","ping_status":"open","sticky":false,"template":"","format":"standard","meta":{"footnotes":""},"categories":[1],"tags":[],"class_list":["post-6620","post","type-post","status-publish","format-standard","hentry","category-atalar-sozleri-atalar-sozu"],"aioseo_notices":[],"_links":{"self":[{"href":"https:\/\/nedir.az\/atalar-sozleri\/wp-json\/wp\/v2\/posts\/6620","targetHints":{"allow":["GET"]}}],"collection":[{"href":"https:\/\/nedir.az\/atalar-sozleri\/wp-json\/wp\/v2\/posts"}],"about":[{"href":"https:\/\/nedir.az\/atalar-sozleri\/wp-json\/wp\/v2\/types\/post"}],"author":[{"embeddable":true,"href":"https:\/\/nedir.az\/atalar-sozleri\/wp-json\/wp\/v2\/users\/2"}],"replies":[{"embeddable":true,"href":"https:\/\/nedir.az\/atalar-sozleri\/wp-json\/wp\/v2\/comments?post=6620"}],"version-history":[{"count":0,"href":"https:\/\/nedir.az\/atalar-sozleri\/wp-json\/wp\/v2\/posts\/6620\/revisions"}],"wp:attachment":[{"href":"https:\/\/nedir.az\/atalar-sozleri\/wp-json\/wp\/v2\/media?parent=6620"}],"wp:term":[{"taxonomy":"category","embeddable":true,"href":"https:\/\/nedir.az\/atalar-sozleri\/wp-json\/wp\/v2\/categories?post=6620"},{"taxonomy":"post_tag","embeddable":true,"href":"https:\/\/nedir.az\/atalar-sozleri\/wp-json\/wp\/v2\/tags?post=6620"}],"curies":[{"name":"wp","href":"https:\/\/api.w.org\/{rel}","templated":true}]}}