{"id":6619,"date":"2024-09-06T21:34:21","date_gmt":"2024-09-06T21:34:21","guid":{"rendered":""},"modified":"-0001-11-30T00:00:00","modified_gmt":"-0001-11-29T21:00:00","slug":"fikirden-iti-geden-sey-yoxdur","status":"publish","type":"post","link":"https:\/\/nedir.az\/atalar-sozleri\/fikirden-iti-geden-sey-yoxdur-atalar-sozunun-menasi-nedir","title":{"rendered":"Fikird\u0259n \u0130ti Ged\u0259n \u015eey Yoxdur"},"content":{"rendered":"<p>&#8220;fikird\u0259n iti ged\u0259n \u015fey yoxdur&#8221; atalar s\u00f6z\u00fcn\u00fcn m\u0259nas\u0131, insanlar\u0131n d\u00fc\u015f\u00fcnc\u0259l\u0259rinin, fikirl\u0259rinin v\u0259 ideyalar\u0131n\u0131n d\u0259rinliyini v\u0259 z\u0259nginliyini vur\u011fulay\u0131r. Bu atalar s\u00f6z\u00fc, insan\u0131n d\u00fc\u015f\u00fcnc\u0259l\u0259rinin s\u0259rh\u0259dsiz oldu\u011funu, h\u0259r bir insan\u0131n \u00f6z fikirl\u0259rini, ideyalar\u0131n\u0131 v\u0259 yarad\u0131c\u0131l\u0131\u011f\u0131n\u0131 inki\u015faf etdir\u0259 bil\u0259c\u0259yini ifad\u0259 edir. Eyni zamanda, bu s\u00f6z, insanlar\u0131n d\u00fc\u015f\u00fcnc\u0259l\u0259rinin b\u0259z\u0259n g\u00f6zl\u0259nilm\u0259z v\u0259 qeyri-adi yollarla inki\u015faf ed\u0259 bil\u0259c\u0259yini d\u0259 g\u00f6st\u0259rir. <\/p>\n<p><b>Q\u0131sa M\u0259nas\u0131<\/b><br \/> \u0130nsan fikirl\u0259ri s\u0259rh\u0259dsizdir, d\u00fc\u015f\u00fcnc\u0259 v\u0259 yarad\u0131c\u0131l\u0131q s\u0259rh\u0259d tan\u0131m\u0131r.<\/p>\n","protected":false},"excerpt":{"rendered":"<p>&#8220;fikird\u0259n iti ged\u0259n \u015fey yoxdur&#8221; atalar s\u00f6z\u00fcn\u00fcn m\u0259nas\u0131, insanlar\u0131n d\u00fc\u015f\u00fcnc\u0259l\u0259rinin, fikirl\u0259rinin v\u0259 ideyalar\u0131n\u0131n d\u0259rinliyini v\u0259 z\u0259nginliyini vur\u011fulay\u0131r. Bu atalar s\u00f6z\u00fc, insan\u0131n d\u00fc\u015f\u00fcnc\u0259l\u0259rinin s\u0259rh\u0259dsiz oldu\u011funu, h\u0259r bir insan\u0131n \u00f6z fikirl\u0259rini, ideyalar\u0131n\u0131 v\u0259 yarad\u0131c\u0131l\u0131\u011f\u0131n\u0131 inki\u015faf etdir\u0259 bil\u0259c\u0259yini ifad\u0259 edir. Eyni zamanda, bu s\u00f6z, insanlar\u0131n d\u00fc\u015f\u00fcnc\u0259l\u0259rinin b\u0259z\u0259n g\u00f6zl\u0259nilm\u0259z v\u0259 qeyri-adi yollarla inki\u015faf ed\u0259 bil\u0259c\u0259yini d\u0259 g\u00f6st\u0259rir. Q\u0131sa M\u0259nas\u0131 &#8230; <a title=\"Fikird\u0259n \u0130ti Ged\u0259n \u015eey Yoxdur\" class=\"read-more\" href=\"https:\/\/nedir.az\/atalar-sozleri\/fikirden-iti-geden-sey-yoxdur-atalar-sozunun-menasi-nedir\" aria-label=\"Read more about Fikird\u0259n \u0130ti Ged\u0259n \u015eey Yoxdur\">Read more<\/a><\/p>\n","protected":false},"author":2,"featured_media":0,"comment_status":"open","ping_status":"open","sticky":false,"template":"","format":"standard","meta":{"footnotes":""},"categories":[1],"tags":[],"class_list":["post-6619","post","type-post","status-publish","format-standard","hentry","category-atalar-sozleri-atalar-sozu"],"aioseo_notices":[],"_links":{"self":[{"href":"https:\/\/nedir.az\/atalar-sozleri\/wp-json\/wp\/v2\/posts\/6619","targetHints":{"allow":["GET"]}}],"collection":[{"href":"https:\/\/nedir.az\/atalar-sozleri\/wp-json\/wp\/v2\/posts"}],"about":[{"href":"https:\/\/nedir.az\/atalar-sozleri\/wp-json\/wp\/v2\/types\/post"}],"author":[{"embeddable":true,"href":"https:\/\/nedir.az\/atalar-sozleri\/wp-json\/wp\/v2\/users\/2"}],"replies":[{"embeddable":true,"href":"https:\/\/nedir.az\/atalar-sozleri\/wp-json\/wp\/v2\/comments?post=6619"}],"version-history":[{"count":0,"href":"https:\/\/nedir.az\/atalar-sozleri\/wp-json\/wp\/v2\/posts\/6619\/revisions"}],"wp:attachment":[{"href":"https:\/\/nedir.az\/atalar-sozleri\/wp-json\/wp\/v2\/media?parent=6619"}],"wp:term":[{"taxonomy":"category","embeddable":true,"href":"https:\/\/nedir.az\/atalar-sozleri\/wp-json\/wp\/v2\/categories?post=6619"},{"taxonomy":"post_tag","embeddable":true,"href":"https:\/\/nedir.az\/atalar-sozleri\/wp-json\/wp\/v2\/tags?post=6619"}],"curies":[{"name":"wp","href":"https:\/\/api.w.org\/{rel}","templated":true}]}}